{"id":25516,"date":"2022-11-15T12:13:15","date_gmt":"2022-11-15T10:13:15","guid":{"rendered":"https:\/\/www.imelasavoie.fr\/?p=25516"},"modified":"2022-11-15T15:51:00","modified_gmt":"2022-11-15T13:51:00","slug":"expression-ecrite-mon-plat-prefere-cest","status":"publish","type":"post","link":"https:\/\/www.imelasavoie.fr\/?p=25516","title":{"rendered":"[Expression \u00e9crite] Mon plat pr\u00e9f\u00e9r\u00e9, c&rsquo;est&#8230;"},"content":{"rendered":"\n<p>Mon plat pr\u00e9f\u00e9r\u00e9, c\u2019est la flammenkuche&nbsp;! Pour la flammenkuche, il faut&nbsp;: des lardons, des oignons, de la cr\u00e8me et une p\u00e2te tr\u00e8s fine.(Sarah)<\/p>\n\n\n\n<p>Mon plat pr\u00e9f\u00e9r\u00e9, ce sont les p\u00e2tes \u00e0 la carbonara. Il y a des lardons et de la cr\u00e8me fraiche. J\u2019adore&nbsp;! (Enola)<\/p>\n\n\n\n<p>Mon plat pr\u00e9f\u00e9r\u00e9, ce sont les p\u00e2tes \u00e0 la carbonara. J\u2019adore la sauce avec la cr\u00e8me, les lardons et le gruy\u00e8re r\u00e2p\u00e9. Et j\u2019aime surtout les p\u00e2tes&nbsp;! Le mieux, ce sont les spaghettis&nbsp;! (Nicolas)<\/p>\n\n\n\n<p>Mon plat pr\u00e9f\u00e9r\u00e9, c\u2019est la tartiflette&nbsp;! J\u2019adore ce plat&nbsp;! Il y a des patates, et il y a aussi de la cr\u00e8me fraiche et des lardons. (Estelle).<\/p>\n\n\n\n<p>Mon plat pr\u00e9f\u00e9r\u00e9, c\u2019est le couscous&nbsp;! J\u2019en mange tous les vendredis&nbsp;! C\u2019est la sp\u00e9cialit\u00e9 du Maroc. Il y a des l\u00e9gumes comme des carottes, des courgettes, et il y a de la viande de mouton. (Mounir)<\/p>\n\n\n\n<p>Mon plat pr\u00e9f\u00e9r\u00e9, c\u2019est le gratin de chou-fleur. C\u2019est mon l\u00e9gume pr\u00e9f\u00e9r\u00e9. J\u2019aime ce plat, surtout quand c\u2019est ma m\u00e8re qui le pr\u00e9pare. (Augustin)<\/p>\n\n\n\n<p>Mon plat pr\u00e9f\u00e9r\u00e9, c&rsquo;est un hamburger avec des frites au Mac Do. Bient\u00f4t, je vais y aller avec mes copains Rayane et Valentin, et mon cousin Hugo. (Valentin)<\/p>\n\n\n\n<p>Mon plat pr\u00e9f\u00e9r\u00e9, c&rsquo;est un tacos avec des frites bien moelleuses, et de la sauce alg\u00e9rienne. J&rsquo;adore, c&rsquo;est bien piquant, c&rsquo;est trop bon. Quand je mange une bouch\u00e9e, je sens toutes les saveurs qui envahissent ma bouche. (J\u00e9r\u00e9my)<\/p>\n","protected":false},"excerpt":{"rendered":"<p>Mon plat pr\u00e9f\u00e9r\u00e9, c\u2019est la flammenkuche&nbsp;! Pour la flammenkuche, il faut&nbsp;: des lardons, des oignons, de la cr\u00e8me et une p\u00e2te tr\u00e8s fine.(Sarah) Mon plat pr\u00e9f\u00e9r\u00e9, ce sont les p\u00e2tes \u00e0 la carbonara. Il y a des lardons et de &hellip; <a href=\"https:\/\/www.imelasavoie.fr\/?p=25516\">Continuer la lecture <span class=\"meta-nav\">&rarr;<\/span><\/a><\/p>\n","protected":false},"author":13,"featured_media":0,"comment_status":"open","ping_status":"closed","sticky":false,"template":"","format":"standard","meta":{"footnotes":""},"categories":[48,59],"tags":[],"class_list":["post-25516","post","type-post","status-publish","format-standard","hentry","category-actualites","category-dinamo1"],"_links":{"self":[{"href":"https:\/\/www.imelasavoie.fr\/index.php?rest_route=\/wp\/v2\/posts\/25516","targetHints":{"allow":["GET"]}}],"collection":[{"href":"https:\/\/www.imelasavoie.fr\/index.php?rest_route=\/wp\/v2\/posts"}],"about":[{"href":"https:\/\/www.imelasavoie.fr\/index.php?rest_route=\/wp\/v2\/types\/post"}],"author":[{"embeddable":true,"href":"https:\/\/www.imelasavoie.fr\/index.php?rest_route=\/wp\/v2\/users\/13"}],"replies":[{"embeddable":true,"href":"https:\/\/www.imelasavoie.fr\/index.php?rest_route=%2Fwp%2Fv2%2Fcomments&post=25516"}],"version-history":[{"count":2,"href":"https:\/\/www.imelasavoie.fr\/index.php?rest_route=\/wp\/v2\/posts\/25516\/revisions"}],"predecessor-version":[{"id":25519,"href":"https:\/\/www.imelasavoie.fr\/index.php?rest_route=\/wp\/v2\/posts\/25516\/revisions\/25519"}],"wp:attachment":[{"href":"https:\/\/www.imelasavoie.fr\/index.php?rest_route=%2Fwp%2Fv2%2Fmedia&parent=25516"}],"wp:term":[{"taxonomy":"category","embeddable":true,"href":"https:\/\/www.imelasavoie.fr\/index.php?rest_route=%2Fwp%2Fv2%2Fcategories&post=25516"},{"taxonomy":"post_tag","embeddable":true,"href":"https:\/\/www.imelasavoie.fr\/index.php?rest_route=%2Fwp%2Fv2%2Ftags&post=25516"}],"curies":[{"name":"wp","href":"https:\/\/api.w.org\/{rel}","templated":true}]}}