{"id":25521,"date":"2022-11-16T10:51:03","date_gmt":"2022-11-16T08:51:03","guid":{"rendered":"https:\/\/www.imelasavoie.fr\/?p=25521"},"modified":"2022-11-18T10:08:21","modified_gmt":"2022-11-18T08:08:21","slug":"atelier-litterature-je-nai-jamais-dit-a-personne","status":"publish","type":"post","link":"https:\/\/www.imelasavoie.fr\/?p=25521","title":{"rendered":"[Atelier litt\u00e9rature] Je n&rsquo;ai jamais dit \u00e0 personne&#8230;"},"content":{"rendered":"\n<p>Aujourd&rsquo;hui en classe, nous avons lu l&rsquo;album: \u00ab\u00a0Je n&rsquo;ai jamais dit \u00e0 personne\u00a0\u00bb<\/p>\n\n\n<div class=\"wp-block-image\">\n<figure class=\"aligncenter size-full\"><a href=\"https:\/\/www.imelasavoie.fr\/wp-content\/uploads\/2022\/11\/index.png\"><img loading=\"lazy\" decoding=\"async\" width=\"187\" height=\"270\" src=\"https:\/\/www.imelasavoie.fr\/wp-content\/uploads\/2022\/11\/index.png\" alt=\"\" class=\"wp-image-25523\"\/><\/a><\/figure>\n<\/div>\n\n<div class=\"wp-block-image\">\n<figure class=\"aligncenter size-full\"><a href=\"https:\/\/www.imelasavoie.fr\/wp-content\/uploads\/2022\/11\/Screenshot_4_1.jpg\"><img loading=\"lazy\" decoding=\"async\" width=\"600\" height=\"433\" src=\"https:\/\/www.imelasavoie.fr\/wp-content\/uploads\/2022\/11\/Screenshot_4_1.jpg\" alt=\"\" class=\"wp-image-25525\" srcset=\"https:\/\/www.imelasavoie.fr\/wp-content\/uploads\/2022\/11\/Screenshot_4_1.jpg 600w, https:\/\/www.imelasavoie.fr\/wp-content\/uploads\/2022\/11\/Screenshot_4_1-300x217.jpg 300w\" sizes=\"auto, (max-width: 600px) 100vw, 600px\" \/><\/a><\/figure>\n<\/div>\n\n<div class=\"wp-block-image\">\n<figure class=\"aligncenter size-full\"><a href=\"https:\/\/www.imelasavoie.fr\/wp-content\/uploads\/2022\/11\/Screenshot_2_1.jpg\"><img loading=\"lazy\" decoding=\"async\" width=\"601\" height=\"433\" src=\"https:\/\/www.imelasavoie.fr\/wp-content\/uploads\/2022\/11\/Screenshot_2_1.jpg\" alt=\"\" class=\"wp-image-25524\" srcset=\"https:\/\/www.imelasavoie.fr\/wp-content\/uploads\/2022\/11\/Screenshot_2_1.jpg 601w, https:\/\/www.imelasavoie.fr\/wp-content\/uploads\/2022\/11\/Screenshot_2_1-300x216.jpg 300w\" sizes=\"auto, (max-width: 601px) 100vw, 601px\" \/><\/a><\/figure>\n<\/div>\n\n\n<p>Pr\u00e9sentation par l&rsquo;\u00e9diteur<\/p>\n\n\n\n<p>Ils s\u2019appellent Madelyn, Agostina, David ou Mademba&#8230; Ils viennent des quatre coins du monde. Comme chacun de nous, ils ont tout au fond de leur c\u0153ur un r\u00eave, un secret bien \u00e0 eux, une peur inavou\u00e9e&#8230; Au fil des pages, ils se d\u00e9voilent et nous offrent une part de leur intimit\u00e9 nous rappelant au passage que l\u2019on a tous un secret enfoui qui ne demande qu\u2019\u00e0 \u00eatre racont\u00e9.<\/p>\n\n\n\n<p>Alors \u00e9videmment, nous nous sommes pr\u00eat\u00e9s \u00e0 cet exercice assez in\u00e9dit:<\/p>\n\n\n\n<p>Aur\u00e9lien: <em>\u00ab\u00a0<strong>Je n&rsquo;ai jamais dit<\/strong> \u00e0 personne que j&rsquo;avais conduit une voiture sans permis et que je m&rsquo;\u00e9tais retourn\u00e9 avec.<\/em>\u00ab\u00a0<\/p>\n\n\n\n<p>Manon: <em>\u00ab\u00a0<strong>Je n&rsquo;ai jamais dit <\/strong>\u00e0 ma m\u00e8re que j&rsquo;avais piqu\u00e9 des chips dans le placard.\u00a0\u00bb<\/em><\/p>\n\n\n\n<p>Mehdi:<em> \u00ab\u00a0<strong>Je n&rsquo;ai jamais dit<\/strong> \u00e0 mes parents que quand j&rsquo;\u00e9tais petit, je tapais d&rsquo;autres \u00e9l\u00e8ves pour m&rsquo;amuser pendant les r\u00e9cr\u00e9ations.\u00a0\u00bb<\/em><\/p>\n\n\n\n<p>Rien d&rsquo;obligatoire dans cet exercice propos\u00e9&#8230; Et vous avez vous des secrets qui ne demandent qu&rsquo;\u00e0 \u00eatre racont\u00e9s ?<\/p>\n\n\n\n<p><\/p>\n\n\n\n<p class=\"has-text-align-center\">La classe Mandela 2<\/p>\n","protected":false},"excerpt":{"rendered":"<p>Aujourd&rsquo;hui en classe, nous avons lu l&rsquo;album: \u00ab\u00a0Je n&rsquo;ai jamais dit \u00e0 personne\u00a0\u00bb Pr\u00e9sentation par l&rsquo;\u00e9diteur Ils s\u2019appellent Madelyn, Agostina, David ou Mademba&#8230; Ils viennent des quatre coins du monde. Comme chacun de nous, ils ont tout au fond de &hellip; <a href=\"https:\/\/www.imelasavoie.fr\/?p=25521\">Continuer la lecture <span class=\"meta-nav\">&rarr;<\/span><\/a><\/p>\n","protected":false},"author":1,"featured_media":0,"comment_status":"open","ping_status":"closed","sticky":false,"template":"","format":"standard","meta":{"footnotes":""},"categories":[56,58],"tags":[],"class_list":["post-25521","post","type-post","status-publish","format-standard","hentry","category-les-classes-et-ateliers","category-mandela2"],"_links":{"self":[{"href":"https:\/\/www.imelasavoie.fr\/index.php?rest_route=\/wp\/v2\/posts\/25521","targetHints":{"allow":["GET"]}}],"collection":[{"href":"https:\/\/www.imelasavoie.fr\/index.php?rest_route=\/wp\/v2\/posts"}],"about":[{"href":"https:\/\/www.imelasavoie.fr\/index.php?rest_route=\/wp\/v2\/types\/post"}],"author":[{"embeddable":true,"href":"https:\/\/www.imelasavoie.fr\/index.php?rest_route=\/wp\/v2\/users\/1"}],"replies":[{"embeddable":true,"href":"https:\/\/www.imelasavoie.fr\/index.php?rest_route=%2Fwp%2Fv2%2Fcomments&post=25521"}],"version-history":[{"count":3,"href":"https:\/\/www.imelasavoie.fr\/index.php?rest_route=\/wp\/v2\/posts\/25521\/revisions"}],"predecessor-version":[{"id":25542,"href":"https:\/\/www.imelasavoie.fr\/index.php?rest_route=\/wp\/v2\/posts\/25521\/revisions\/25542"}],"wp:attachment":[{"href":"https:\/\/www.imelasavoie.fr\/index.php?rest_route=%2Fwp%2Fv2%2Fmedia&parent=25521"}],"wp:term":[{"taxonomy":"category","embeddable":true,"href":"https:\/\/www.imelasavoie.fr\/index.php?rest_route=%2Fwp%2Fv2%2Fcategories&post=25521"},{"taxonomy":"post_tag","embeddable":true,"href":"https:\/\/www.imelasavoie.fr\/index.php?rest_route=%2Fwp%2Fv2%2Ftags&post=25521"}],"curies":[{"name":"wp","href":"https:\/\/api.w.org\/{rel}","templated":true}]}}