{"id":26140,"date":"2023-01-25T22:12:20","date_gmt":"2023-01-25T20:12:20","guid":{"rendered":"https:\/\/www.imelasavoie.fr\/?p=26140"},"modified":"2023-01-27T11:16:52","modified_gmt":"2023-01-27T09:16:52","slug":"croque-monsieur-tarte-tatintintin","status":"publish","type":"post","link":"https:\/\/www.imelasavoie.fr\/?p=26140","title":{"rendered":"Croque-monsieur &#8211; Tarte Tatintintin!"},"content":{"rendered":"\n<p>L&rsquo;entra\u00eenement \u00ab\u00a0top chef\u00a0\u00bb continue sur le groupe accueil ce mercredi 25 janvier;) Les jeunes ont pr\u00e9par\u00e9 une salade de tomates, mozzarella et feta; des croque-monsieur croustillants, une tarte tatin d\u00e9licieuse, de quoi r\u00e9jouir les \u00e9ducateurs. Merci \u00e0 eux\u00a0\u00bb <\/p>\n\n\n\n<figure class=\"wp-block-image size-large\"><a href=\"https:\/\/www.imelasavoie.fr\/wp-content\/uploads\/2023\/01\/processed-4382bbc4-e85a-47a0-9ff2-4229a7e41854_cwAcWbYN-3-scaled.jpeg\"><img loading=\"lazy\" decoding=\"async\" width=\"1024\" height=\"1024\" src=\"https:\/\/www.imelasavoie.fr\/wp-content\/uploads\/2023\/01\/processed-4382bbc4-e85a-47a0-9ff2-4229a7e41854_cwAcWbYN-3-1024x1024.jpeg\" alt=\"\" class=\"wp-image-26144\" srcset=\"https:\/\/www.imelasavoie.fr\/wp-content\/uploads\/2023\/01\/processed-4382bbc4-e85a-47a0-9ff2-4229a7e41854_cwAcWbYN-3-1024x1024.jpeg 1024w, https:\/\/www.imelasavoie.fr\/wp-content\/uploads\/2023\/01\/processed-4382bbc4-e85a-47a0-9ff2-4229a7e41854_cwAcWbYN-3-300x300.jpeg 300w, https:\/\/www.imelasavoie.fr\/wp-content\/uploads\/2023\/01\/processed-4382bbc4-e85a-47a0-9ff2-4229a7e41854_cwAcWbYN-3-150x150.jpeg 150w, https:\/\/www.imelasavoie.fr\/wp-content\/uploads\/2023\/01\/processed-4382bbc4-e85a-47a0-9ff2-4229a7e41854_cwAcWbYN-3-768x768.jpeg 768w, https:\/\/www.imelasavoie.fr\/wp-content\/uploads\/2023\/01\/processed-4382bbc4-e85a-47a0-9ff2-4229a7e41854_cwAcWbYN-3-1536x1536.jpeg 1536w, https:\/\/www.imelasavoie.fr\/wp-content\/uploads\/2023\/01\/processed-4382bbc4-e85a-47a0-9ff2-4229a7e41854_cwAcWbYN-3-2048x2048.jpeg 2048w\" sizes=\"auto, (max-width: 1024px) 100vw, 1024px\" \/><\/a><\/figure>\n\n\n\n<figure class=\"wp-block-image size-large\"><a href=\"https:\/\/www.imelasavoie.fr\/wp-content\/uploads\/2023\/01\/processed-6cacf8d6-e6d0-430a-98c4-fe217e882f73_9PCyHWpd-scaled.jpeg\"><img loading=\"lazy\" decoding=\"async\" width=\"1024\" height=\"1024\" src=\"https:\/\/www.imelasavoie.fr\/wp-content\/uploads\/2023\/01\/processed-6cacf8d6-e6d0-430a-98c4-fe217e882f73_9PCyHWpd-1024x1024.jpeg\" alt=\"\" class=\"wp-image-26145\" srcset=\"https:\/\/www.imelasavoie.fr\/wp-content\/uploads\/2023\/01\/processed-6cacf8d6-e6d0-430a-98c4-fe217e882f73_9PCyHWpd-1024x1024.jpeg 1024w, https:\/\/www.imelasavoie.fr\/wp-content\/uploads\/2023\/01\/processed-6cacf8d6-e6d0-430a-98c4-fe217e882f73_9PCyHWpd-300x300.jpeg 300w, https:\/\/www.imelasavoie.fr\/wp-content\/uploads\/2023\/01\/processed-6cacf8d6-e6d0-430a-98c4-fe217e882f73_9PCyHWpd-150x150.jpeg 150w, https:\/\/www.imelasavoie.fr\/wp-content\/uploads\/2023\/01\/processed-6cacf8d6-e6d0-430a-98c4-fe217e882f73_9PCyHWpd-768x768.jpeg 768w, https:\/\/www.imelasavoie.fr\/wp-content\/uploads\/2023\/01\/processed-6cacf8d6-e6d0-430a-98c4-fe217e882f73_9PCyHWpd-1536x1536.jpeg 1536w, https:\/\/www.imelasavoie.fr\/wp-content\/uploads\/2023\/01\/processed-6cacf8d6-e6d0-430a-98c4-fe217e882f73_9PCyHWpd-2048x2048.jpeg 2048w\" sizes=\"auto, (max-width: 1024px) 100vw, 1024px\" \/><\/a><\/figure>\n","protected":false},"excerpt":{"rendered":"<p>L&rsquo;entra\u00eenement \u00ab\u00a0top chef\u00a0\u00bb continue sur le groupe accueil ce mercredi 25 janvier;) Les jeunes ont pr\u00e9par\u00e9 une salade de tomates, mozzarella et feta; des croque-monsieur croustillants, une tarte tatin d\u00e9licieuse, de quoi r\u00e9jouir les \u00e9ducateurs. Merci \u00e0 eux\u00a0\u00bb<\/p>\n","protected":false},"author":21,"featured_media":0,"comment_status":"open","ping_status":"closed","sticky":false,"template":"","format":"standard","meta":{"footnotes":""},"categories":[63],"tags":[],"class_list":["post-26140","post","type-post","status-publish","format-standard","hentry","category-groupe-accueil"],"_links":{"self":[{"href":"https:\/\/www.imelasavoie.fr\/index.php?rest_route=\/wp\/v2\/posts\/26140","targetHints":{"allow":["GET"]}}],"collection":[{"href":"https:\/\/www.imelasavoie.fr\/index.php?rest_route=\/wp\/v2\/posts"}],"about":[{"href":"https:\/\/www.imelasavoie.fr\/index.php?rest_route=\/wp\/v2\/types\/post"}],"author":[{"embeddable":true,"href":"https:\/\/www.imelasavoie.fr\/index.php?rest_route=\/wp\/v2\/users\/21"}],"replies":[{"embeddable":true,"href":"https:\/\/www.imelasavoie.fr\/index.php?rest_route=%2Fwp%2Fv2%2Fcomments&post=26140"}],"version-history":[{"count":3,"href":"https:\/\/www.imelasavoie.fr\/index.php?rest_route=\/wp\/v2\/posts\/26140\/revisions"}],"predecessor-version":[{"id":26159,"href":"https:\/\/www.imelasavoie.fr\/index.php?rest_route=\/wp\/v2\/posts\/26140\/revisions\/26159"}],"wp:attachment":[{"href":"https:\/\/www.imelasavoie.fr\/index.php?rest_route=%2Fwp%2Fv2%2Fmedia&parent=26140"}],"wp:term":[{"taxonomy":"category","embeddable":true,"href":"https:\/\/www.imelasavoie.fr\/index.php?rest_route=%2Fwp%2Fv2%2Fcategories&post=26140"},{"taxonomy":"post_tag","embeddable":true,"href":"https:\/\/www.imelasavoie.fr\/index.php?rest_route=%2Fwp%2Fv2%2Ftags&post=26140"}],"curies":[{"name":"wp","href":"https:\/\/api.w.org\/{rel}","templated":true}]}}