{"id":26263,"date":"2023-02-21T17:25:08","date_gmt":"2023-02-21T15:25:08","guid":{"rendered":"https:\/\/www.imelasavoie.fr\/?p=26263"},"modified":"2023-02-21T17:25:08","modified_gmt":"2023-02-21T15:25:08","slug":"rando-devinette-de-la-cascade","status":"publish","type":"post","link":"https:\/\/www.imelasavoie.fr\/?p=26263","title":{"rendered":"[Rando] Devinette de la cascade"},"content":{"rendered":"\n<p>Ce mardi apr\u00e8s-midi, nous sommes all\u00e9s marcher jusqu&rsquo;\u00e0 la cascade de M\u00e9logne, en passant par la MFR de Cormaranche (\u00e9cole du bois). Nous sommes rentr\u00e9s \u00e0 l&rsquo;IME en passant \u00e0 travers les champs et en rampant sous les barbel\u00e9s!<\/p>\n\n\n\n<p>Trois aventuri\u00e8res sont all\u00e9es se cacher derri\u00e8re la cascade, elles \u00e9taient bien mouill\u00e9es! On reconnait Estelle \u00e0 gauche.<\/p>\n\n\n\n<p>Devinette: qui sont les deux autres aventuri\u00e8res?<\/p>\n\n\n\n<p>Si vous avez besoin d&rsquo;indices, nous pourrons vous en donner.<\/p>\n\n\n\n<p>A bient\u00f4t pour de nouvelles aventures!<\/p>\n\n\n\n<p>Les classes Dinamos<\/p>\n\n\n\n<figure class=\"wp-block-image size-large\"><a href=\"https:\/\/www.imelasavoie.fr\/wp-content\/uploads\/2023\/02\/IMG_20230221_150133-scaled.jpg\"><img loading=\"lazy\" decoding=\"async\" width=\"1024\" height=\"768\" src=\"https:\/\/www.imelasavoie.fr\/wp-content\/uploads\/2023\/02\/IMG_20230221_150133-1024x768.jpg\" alt=\"\" class=\"wp-image-26264\" srcset=\"https:\/\/www.imelasavoie.fr\/wp-content\/uploads\/2023\/02\/IMG_20230221_150133-1024x768.jpg 1024w, https:\/\/www.imelasavoie.fr\/wp-content\/uploads\/2023\/02\/IMG_20230221_150133-300x225.jpg 300w, https:\/\/www.imelasavoie.fr\/wp-content\/uploads\/2023\/02\/IMG_20230221_150133-768x576.jpg 768w, https:\/\/www.imelasavoie.fr\/wp-content\/uploads\/2023\/02\/IMG_20230221_150133-1536x1152.jpg 1536w, https:\/\/www.imelasavoie.fr\/wp-content\/uploads\/2023\/02\/IMG_20230221_150133-2048x1536.jpg 2048w\" sizes=\"auto, (max-width: 1024px) 100vw, 1024px\" \/><\/a><\/figure>\n","protected":false},"excerpt":{"rendered":"<p>Ce mardi apr\u00e8s-midi, nous sommes all\u00e9s marcher jusqu&rsquo;\u00e0 la cascade de M\u00e9logne, en passant par la MFR de Cormaranche (\u00e9cole du bois). Nous sommes rentr\u00e9s \u00e0 l&rsquo;IME en passant \u00e0 travers les champs et en rampant sous les barbel\u00e9s! Trois &hellip; <a href=\"https:\/\/www.imelasavoie.fr\/?p=26263\">Continuer la lecture <span class=\"meta-nav\">&rarr;<\/span><\/a><\/p>\n","protected":false},"author":13,"featured_media":0,"comment_status":"open","ping_status":"closed","sticky":false,"template":"","format":"standard","meta":{"footnotes":""},"categories":[48,59],"tags":[],"class_list":["post-26263","post","type-post","status-publish","format-standard","hentry","category-actualites","category-dinamo1"],"_links":{"self":[{"href":"https:\/\/www.imelasavoie.fr\/index.php?rest_route=\/wp\/v2\/posts\/26263","targetHints":{"allow":["GET"]}}],"collection":[{"href":"https:\/\/www.imelasavoie.fr\/index.php?rest_route=\/wp\/v2\/posts"}],"about":[{"href":"https:\/\/www.imelasavoie.fr\/index.php?rest_route=\/wp\/v2\/types\/post"}],"author":[{"embeddable":true,"href":"https:\/\/www.imelasavoie.fr\/index.php?rest_route=\/wp\/v2\/users\/13"}],"replies":[{"embeddable":true,"href":"https:\/\/www.imelasavoie.fr\/index.php?rest_route=%2Fwp%2Fv2%2Fcomments&post=26263"}],"version-history":[{"count":1,"href":"https:\/\/www.imelasavoie.fr\/index.php?rest_route=\/wp\/v2\/posts\/26263\/revisions"}],"predecessor-version":[{"id":26265,"href":"https:\/\/www.imelasavoie.fr\/index.php?rest_route=\/wp\/v2\/posts\/26263\/revisions\/26265"}],"wp:attachment":[{"href":"https:\/\/www.imelasavoie.fr\/index.php?rest_route=%2Fwp%2Fv2%2Fmedia&parent=26263"}],"wp:term":[{"taxonomy":"category","embeddable":true,"href":"https:\/\/www.imelasavoie.fr\/index.php?rest_route=%2Fwp%2Fv2%2Fcategories&post=26263"},{"taxonomy":"post_tag","embeddable":true,"href":"https:\/\/www.imelasavoie.fr\/index.php?rest_route=%2Fwp%2Fv2%2Ftags&post=26263"}],"curies":[{"name":"wp","href":"https:\/\/api.w.org\/{rel}","templated":true}]}}