{"id":26266,"date":"2023-02-21T19:50:48","date_gmt":"2023-02-21T17:50:48","guid":{"rendered":"https:\/\/www.imelasavoie.fr\/?p=26266"},"modified":"2023-02-21T19:50:48","modified_gmt":"2023-02-21T17:50:48","slug":"atelier-pse-les-glucides","status":"publish","type":"post","link":"https:\/\/www.imelasavoie.fr\/?p=26266","title":{"rendered":"[Atelier PSE] Les glucides"},"content":{"rendered":"\n<p>Aujourd&rsquo;hui, nous avons travaill\u00e9 sur une carte mentale pour r\u00e9pondre \u00e0 cette question:<\/p>\n\n\n\n<p class=\"has-text-align-center\"><strong>Pourquoi les glucides sont indispensables au fonctionnement de notre corps ?<\/strong><\/p>\n\n\n\n<figure class=\"wp-block-image size-full\"><a href=\"https:\/\/www.imelasavoie.fr\/wp-content\/uploads\/2023\/02\/carte-mentale-glucides.jpg\"><img loading=\"lazy\" decoding=\"async\" width=\"944\" height=\"554\" src=\"https:\/\/www.imelasavoie.fr\/wp-content\/uploads\/2023\/02\/carte-mentale-glucides.jpg\" alt=\"\" class=\"wp-image-26268\" srcset=\"https:\/\/www.imelasavoie.fr\/wp-content\/uploads\/2023\/02\/carte-mentale-glucides.jpg 944w, https:\/\/www.imelasavoie.fr\/wp-content\/uploads\/2023\/02\/carte-mentale-glucides-300x176.jpg 300w, https:\/\/www.imelasavoie.fr\/wp-content\/uploads\/2023\/02\/carte-mentale-glucides-768x451.jpg 768w\" sizes=\"auto, (max-width: 944px) 100vw, 944px\" \/><\/a><\/figure>\n\n\n\n<p class=\"has-text-align-center\">A suivre&#8230;<\/p>\n\n\n\n<p class=\"has-text-align-center\">La classes Mandela 2<\/p>\n\n\n\n<p><\/p>\n\n\n\n<p class=\"has-text-align-center\"><\/p>\n","protected":false},"excerpt":{"rendered":"<p>Aujourd&rsquo;hui, nous avons travaill\u00e9 sur une carte mentale pour r\u00e9pondre \u00e0 cette question: Pourquoi les glucides sont indispensables au fonctionnement de notre corps ? A suivre&#8230; La classes Mandela 2<\/p>\n","protected":false},"author":1,"featured_media":0,"comment_status":"open","ping_status":"closed","sticky":false,"template":"","format":"standard","meta":{"footnotes":""},"categories":[56,58],"tags":[],"class_list":["post-26266","post","type-post","status-publish","format-standard","hentry","category-les-classes-et-ateliers","category-mandela2"],"_links":{"self":[{"href":"https:\/\/www.imelasavoie.fr\/index.php?rest_route=\/wp\/v2\/posts\/26266","targetHints":{"allow":["GET"]}}],"collection":[{"href":"https:\/\/www.imelasavoie.fr\/index.php?rest_route=\/wp\/v2\/posts"}],"about":[{"href":"https:\/\/www.imelasavoie.fr\/index.php?rest_route=\/wp\/v2\/types\/post"}],"author":[{"embeddable":true,"href":"https:\/\/www.imelasavoie.fr\/index.php?rest_route=\/wp\/v2\/users\/1"}],"replies":[{"embeddable":true,"href":"https:\/\/www.imelasavoie.fr\/index.php?rest_route=%2Fwp%2Fv2%2Fcomments&post=26266"}],"version-history":[{"count":2,"href":"https:\/\/www.imelasavoie.fr\/index.php?rest_route=\/wp\/v2\/posts\/26266\/revisions"}],"predecessor-version":[{"id":26269,"href":"https:\/\/www.imelasavoie.fr\/index.php?rest_route=\/wp\/v2\/posts\/26266\/revisions\/26269"}],"wp:attachment":[{"href":"https:\/\/www.imelasavoie.fr\/index.php?rest_route=%2Fwp%2Fv2%2Fmedia&parent=26266"}],"wp:term":[{"taxonomy":"category","embeddable":true,"href":"https:\/\/www.imelasavoie.fr\/index.php?rest_route=%2Fwp%2Fv2%2Fcategories&post=26266"},{"taxonomy":"post_tag","embeddable":true,"href":"https:\/\/www.imelasavoie.fr\/index.php?rest_route=%2Fwp%2Fv2%2Ftags&post=26266"}],"curies":[{"name":"wp","href":"https:\/\/api.w.org\/{rel}","templated":true}]}}