{"id":26272,"date":"2023-02-22T12:32:58","date_gmt":"2023-02-22T10:32:58","guid":{"rendered":"https:\/\/www.imelasavoie.fr\/?p=26272"},"modified":"2023-02-23T10:53:06","modified_gmt":"2023-02-23T08:53:06","slug":"expression-ecrite-pendant-les-vacances-de-fevrier-jai","status":"publish","type":"post","link":"https:\/\/www.imelasavoie.fr\/?p=26272","title":{"rendered":"[Expression \u00e9crite] Pendant les vacances de f\u00e9vrier, j&rsquo;ai&#8230;"},"content":{"rendered":"\n<pre class=\"wp-block-preformatted\">Pendant les vacances de F\u00e9vrier, j'ai regard\u00e9 un film au cin\u00e9ma, qui s\u2019appelait les t\u00eates gel\u00e9es. Je suis all\u00e9e chez mes grands-parents, et j'ai vu ma petite cousine et mon petit cousin. J'ai vu l'ancien chien de ma s\u0153ur. J'ai rang\u00e9 ma chambre. J'ai lu des livres. J'ai regard\u00e9 Netflix. Je suis all\u00e9e manger au restaurant chinois, et apr\u00e8s, je suis all\u00e9e me balader \u00e0 Bouvent. J'ai appel\u00e9 des amies. (Sarah)<\/pre>\n\n\n\n<p>Pendant les vacances de f\u00e9vrier, j\u2019ai mang\u00e9 un tacos XXL avec mes parents et mon petit fr\u00e8re. Le tacos \u00e9tait accompagn\u00e9 de frites et d\u2019une boisson. Apr\u00e8s le restaurant, j\u2019ai jou\u00e9 \u00e0 la PS4 et on a regard\u00e9 un film tous ensemble. Ce film, c\u2019\u00e9tait \u00ab&nbsp;familles recompos\u00e9es&nbsp;\u00bb. Apr\u00e8s le film, on a pr\u00e9par\u00e9 \u00e0 manger avec mes parents pour le repas du soir. C\u2019\u00e9tait une bonne soupe de l\u00e9gumes. (J\u00e9r\u00e9my).<\/p>\n\n\n\n<p>Pendant mes vacances de f\u00e9vrier, j\u2019ai jou\u00e9 avec mon t\u00e9l\u00e9phone. Je suis all\u00e9 chez ma grand-m\u00e8re tous les jours. Il y avait la f\u00eate foraine \u00e0 Bellegarde. J\u2019ai mang\u00e9 des churros et j\u2019ai fait la chenille&nbsp;! Elle \u00e9tait trop bien&nbsp;! J\u2019ai gagn\u00e9 des tours de man\u00e8ge. A la maison, j\u2019ai fait la cuisine. J\u2019ai fait les courses et j\u2019ai parl\u00e9 avec Sarah D, Shannon et Stacie par message. (Nicolas)<\/p>\n\n\n\n<p>Pendant les vacances de f\u00e9vrier, je suis all\u00e9 au cin\u00e9ma voir Ast\u00e9rix et Ob\u00e9lix. Je suis all\u00e9 au march\u00e9 \u00e0 Belley. Je suis all\u00e9 voir ma grand-m\u00e8re. On lui a fait ses courses. C&rsquo;\u00e9tait de bonnes vacances malgr\u00e9 qu&rsquo;elles soient pass\u00e9es trop vite! (Augustin)<\/p>\n\n\n\n<p>Pendant les vacances de f\u00e9vrier, je suis all\u00e9 au cin\u00e9ma voir Ant-Man et la Gu\u00eape. J\u2019ai aim\u00e9 ce film. Chez moi, j\u2019ai jou\u00e9 \u00e0 Fortnite et \u00e0 Minecraft. (Alperen)<\/p>\n\n\n\n<p>Pendant les vacances de f\u00e9vrier, je suis all\u00e9 en Ard\u00e8che. J&rsquo;ai fait de la moto de mon papa. C&rsquo;est une moto de cross. Avec nous, il y avait ma tata, mon cousin Nathan, ma mamie et mon papi. J&rsquo;ai aussi bien jou\u00e9 sur mon t\u00e9l\u00e9phone pendant les vacances. (Valentin)<\/p>\n","protected":false},"excerpt":{"rendered":"<p>Pendant les vacances de F\u00e9vrier, j&rsquo;ai regard\u00e9 un film au cin\u00e9ma, qui s\u2019appelait les t\u00eates gel\u00e9es. Je suis all\u00e9e chez mes grands-parents, et j&rsquo;ai vu ma petite cousine et mon petit cousin. J&rsquo;ai vu l&rsquo;ancien chien de ma s\u0153ur. J&rsquo;ai &hellip; <a href=\"https:\/\/www.imelasavoie.fr\/?p=26272\">Continuer la lecture <span class=\"meta-nav\">&rarr;<\/span><\/a><\/p>\n","protected":false},"author":13,"featured_media":0,"comment_status":"open","ping_status":"closed","sticky":false,"template":"","format":"standard","meta":{"footnotes":""},"categories":[48,59],"tags":[],"class_list":["post-26272","post","type-post","status-publish","format-standard","hentry","category-actualites","category-dinamo1"],"_links":{"self":[{"href":"https:\/\/www.imelasavoie.fr\/index.php?rest_route=\/wp\/v2\/posts\/26272","targetHints":{"allow":["GET"]}}],"collection":[{"href":"https:\/\/www.imelasavoie.fr\/index.php?rest_route=\/wp\/v2\/posts"}],"about":[{"href":"https:\/\/www.imelasavoie.fr\/index.php?rest_route=\/wp\/v2\/types\/post"}],"author":[{"embeddable":true,"href":"https:\/\/www.imelasavoie.fr\/index.php?rest_route=\/wp\/v2\/users\/13"}],"replies":[{"embeddable":true,"href":"https:\/\/www.imelasavoie.fr\/index.php?rest_route=%2Fwp%2Fv2%2Fcomments&post=26272"}],"version-history":[{"count":4,"href":"https:\/\/www.imelasavoie.fr\/index.php?rest_route=\/wp\/v2\/posts\/26272\/revisions"}],"predecessor-version":[{"id":26276,"href":"https:\/\/www.imelasavoie.fr\/index.php?rest_route=\/wp\/v2\/posts\/26272\/revisions\/26276"}],"wp:attachment":[{"href":"https:\/\/www.imelasavoie.fr\/index.php?rest_route=%2Fwp%2Fv2%2Fmedia&parent=26272"}],"wp:term":[{"taxonomy":"category","embeddable":true,"href":"https:\/\/www.imelasavoie.fr\/index.php?rest_route=%2Fwp%2Fv2%2Fcategories&post=26272"},{"taxonomy":"post_tag","embeddable":true,"href":"https:\/\/www.imelasavoie.fr\/index.php?rest_route=%2Fwp%2Fv2%2Ftags&post=26272"}],"curies":[{"name":"wp","href":"https:\/\/api.w.org\/{rel}","templated":true}]}}