{"id":26649,"date":"2023-05-25T10:55:14","date_gmt":"2023-05-25T08:55:14","guid":{"rendered":"https:\/\/www.imelasavoie.fr\/?p=26649"},"modified":"2023-06-09T11:52:18","modified_gmt":"2023-06-09T09:52:18","slug":"restaurants-du-coeur","status":"publish","type":"post","link":"https:\/\/www.imelasavoie.fr\/?p=26649","title":{"rendered":"Restaurants du coeur"},"content":{"rendered":"\n<p>Les mardis 16 et 23 mai, nous sommes all\u00e9s au resto du c\u0153ur \u00e0 Amb\u00e9rieu pour d\u00e9couvrir l&rsquo;association et aider les b\u00e9n\u00e9voles. <\/p>\n\n\n\n<p>Nous avons pu participer au fonctionnement de la distribution de la nourriture aux personnes dans le besoin. <\/p>\n\n\n\n<p>Nous y retournerons les mardis 6 et 20 juin, et le mardi 4 juillet. <\/p>\n\n\n\n<p>Les restaurants du c\u0153ur d&rsquo;Amb\u00e9rieu en Bugey sont ouverts les lundis et mardis de 9h \u00e0 11h et de 14h \u00e0 16h. <\/p>\n\n\n\n<figure class=\"wp-block-image size-large\"><a href=\"https:\/\/www.imelasavoie.fr\/wp-content\/uploads\/2023\/05\/1685004467161-scaled.jpg\"><img loading=\"lazy\" decoding=\"async\" width=\"1024\" height=\"768\" src=\"https:\/\/www.imelasavoie.fr\/wp-content\/uploads\/2023\/05\/1685004467161-1024x768.jpg\" alt=\"\" class=\"wp-image-26650\" srcset=\"https:\/\/www.imelasavoie.fr\/wp-content\/uploads\/2023\/05\/1685004467161-1024x768.jpg 1024w, https:\/\/www.imelasavoie.fr\/wp-content\/uploads\/2023\/05\/1685004467161-300x225.jpg 300w, https:\/\/www.imelasavoie.fr\/wp-content\/uploads\/2023\/05\/1685004467161-768x576.jpg 768w, https:\/\/www.imelasavoie.fr\/wp-content\/uploads\/2023\/05\/1685004467161-1536x1152.jpg 1536w, https:\/\/www.imelasavoie.fr\/wp-content\/uploads\/2023\/05\/1685004467161-2048x1536.jpg 2048w\" sizes=\"auto, (max-width: 1024px) 100vw, 1024px\" \/><\/a><\/figure>\n","protected":false},"excerpt":{"rendered":"<p>Les mardis 16 et 23 mai, nous sommes all\u00e9s au resto du c\u0153ur \u00e0 Amb\u00e9rieu pour d\u00e9couvrir l&rsquo;association et aider les b\u00e9n\u00e9voles. Nous avons pu participer au fonctionnement de la distribution de la nourriture aux personnes dans le besoin. Nous &hellip; <a href=\"https:\/\/www.imelasavoie.fr\/?p=26649\">Continuer la lecture <span class=\"meta-nav\">&rarr;<\/span><\/a><\/p>\n","protected":false},"author":20,"featured_media":0,"comment_status":"open","ping_status":"closed","sticky":false,"template":"","format":"standard","meta":{"footnotes":""},"categories":[219,60],"tags":[],"class_list":["post-26649","post","type-post","status-publish","format-standard","hentry","category-blog","category-cecof"],"_links":{"self":[{"href":"https:\/\/www.imelasavoie.fr\/index.php?rest_route=\/wp\/v2\/posts\/26649","targetHints":{"allow":["GET"]}}],"collection":[{"href":"https:\/\/www.imelasavoie.fr\/index.php?rest_route=\/wp\/v2\/posts"}],"about":[{"href":"https:\/\/www.imelasavoie.fr\/index.php?rest_route=\/wp\/v2\/types\/post"}],"author":[{"embeddable":true,"href":"https:\/\/www.imelasavoie.fr\/index.php?rest_route=\/wp\/v2\/users\/20"}],"replies":[{"embeddable":true,"href":"https:\/\/www.imelasavoie.fr\/index.php?rest_route=%2Fwp%2Fv2%2Fcomments&post=26649"}],"version-history":[{"count":2,"href":"https:\/\/www.imelasavoie.fr\/index.php?rest_route=\/wp\/v2\/posts\/26649\/revisions"}],"predecessor-version":[{"id":26695,"href":"https:\/\/www.imelasavoie.fr\/index.php?rest_route=\/wp\/v2\/posts\/26649\/revisions\/26695"}],"wp:attachment":[{"href":"https:\/\/www.imelasavoie.fr\/index.php?rest_route=%2Fwp%2Fv2%2Fmedia&parent=26649"}],"wp:term":[{"taxonomy":"category","embeddable":true,"href":"https:\/\/www.imelasavoie.fr\/index.php?rest_route=%2Fwp%2Fv2%2Fcategories&post=26649"},{"taxonomy":"post_tag","embeddable":true,"href":"https:\/\/www.imelasavoie.fr\/index.php?rest_route=%2Fwp%2Fv2%2Ftags&post=26649"}],"curies":[{"name":"wp","href":"https:\/\/api.w.org\/{rel}","templated":true}]}}