{"id":26657,"date":"2023-06-02T09:16:57","date_gmt":"2023-06-02T07:16:57","guid":{"rendered":"https:\/\/www.imelasavoie.fr\/?p=26657"},"modified":"2023-06-02T09:17:34","modified_gmt":"2023-06-02T07:17:34","slug":"sport-adapte-journee-football-par-aurelien-et-melih","status":"publish","type":"post","link":"https:\/\/www.imelasavoie.fr\/?p=26657","title":{"rendered":"[Sport adapt\u00e9] Journ\u00e9e football par Aur\u00e9lien et M\u00e9lih"},"content":{"rendered":"\n<p>Jeudi 25 mai, nous avons fait une journ\u00e9e sport adapt\u00e9 football. Nous avons fait 2 l\u2019\u00e9quipes blanche et jaune. <\/p>\n\n\n\n<p>Dans l\u2019\u00e9quipe blanche, il y avait Aur\u00e9lien, Abdel Heddy Shannon Valentin, Stacy, M\u00e9lih, Mayline et Jodie. <\/p>\n\n\n\n<p>Dans l\u2019\u00e9quipe jaune, il y avait Math\u00e9o H, Billy, Math\u00e9o P, Kaoly, R\u00e9my R, Rayan J. Nous avons jou\u00e9 des matchs et nous avons arbitr\u00e9. <\/p>\n\n\n\n<p>Nous avons bien arbitr\u00e9 et les arbitres officiels nous ont f\u00e9licit\u00e9 pour notre arbitrage. Nous avons gagn\u00e9 puis nous avons mang\u00e9 notre pique-nique. <\/p>\n\n\n\n<p>A 13H30, nous avons recommenc\u00e9 les matchs. A la fin de l\u2019apr\u00e8s &#8211; midi, nous avons fait des ateliers pour am\u00e9liorer notre pr\u00e9cision au foot. Il y avait le \u00ab\u00a0foot-golf\u00a0\u00bb et les tirs de pr\u00e9cision.<\/p>\n\n\n\n<p>En fin de journ\u00e9e, nous avons partag\u00e9 un go\u00fbter avec tout le monde et remerci\u00e9 ceux qui nous avaient accueillis ainsi que le sport adapt\u00e9.<\/p>\n\n\n\n<p>Bilan&nbsp;:<\/p>\n\n\n\n<p>M\u00e9lih&nbsp;: C\u2019\u00e9tait une bonne journ\u00e9e. Nous avons tous particip\u00e9 avec du respect entre nous.<\/p>\n\n\n\n<p>Aur\u00e9lien&nbsp;: j\u2019ai ador\u00e9 les matchs. J\u2019ai marqu\u00e9 beaucoup de buts. J\u2019\u00e9tais tr\u00e8s fatigu\u00e9 \u00e0 la fin de journ\u00e9e. &nbsp;&nbsp;&nbsp;&nbsp;&nbsp;&nbsp;&nbsp;&nbsp;&nbsp;&nbsp;&nbsp;&nbsp;&nbsp;&nbsp;&nbsp;&nbsp;&nbsp;&nbsp;&nbsp;&nbsp;&nbsp;&nbsp;&nbsp;&nbsp;&nbsp;&nbsp;&nbsp;&nbsp;&nbsp;&nbsp;&nbsp;&nbsp;&nbsp;&nbsp;&nbsp;&nbsp;&nbsp;&nbsp;&nbsp;&nbsp;&nbsp;&nbsp;&nbsp;&nbsp;&nbsp;&nbsp;&nbsp;&nbsp;&nbsp;&nbsp;&nbsp;&nbsp;&nbsp;&nbsp;&nbsp;&nbsp;&nbsp;&nbsp;&nbsp;&nbsp;&nbsp;<\/p>\n","protected":false},"excerpt":{"rendered":"<p>Jeudi 25 mai, nous avons fait une journ\u00e9e sport adapt\u00e9 football. Nous avons fait 2 l\u2019\u00e9quipes blanche et jaune. Dans l\u2019\u00e9quipe blanche, il y avait Aur\u00e9lien, Abdel Heddy Shannon Valentin, Stacy, M\u00e9lih, Mayline et Jodie. Dans l\u2019\u00e9quipe jaune, il y &hellip; <a href=\"https:\/\/www.imelasavoie.fr\/?p=26657\">Continuer la lecture <span class=\"meta-nav\">&rarr;<\/span><\/a><\/p>\n","protected":false},"author":1,"featured_media":0,"comment_status":"open","ping_status":"closed","sticky":false,"template":"","format":"standard","meta":{"footnotes":""},"categories":[56,58],"tags":[],"class_list":["post-26657","post","type-post","status-publish","format-standard","hentry","category-les-classes-et-ateliers","category-mandela2"],"_links":{"self":[{"href":"https:\/\/www.imelasavoie.fr\/index.php?rest_route=\/wp\/v2\/posts\/26657","targetHints":{"allow":["GET"]}}],"collection":[{"href":"https:\/\/www.imelasavoie.fr\/index.php?rest_route=\/wp\/v2\/posts"}],"about":[{"href":"https:\/\/www.imelasavoie.fr\/index.php?rest_route=\/wp\/v2\/types\/post"}],"author":[{"embeddable":true,"href":"https:\/\/www.imelasavoie.fr\/index.php?rest_route=\/wp\/v2\/users\/1"}],"replies":[{"embeddable":true,"href":"https:\/\/www.imelasavoie.fr\/index.php?rest_route=%2Fwp%2Fv2%2Fcomments&post=26657"}],"version-history":[{"count":2,"href":"https:\/\/www.imelasavoie.fr\/index.php?rest_route=\/wp\/v2\/posts\/26657\/revisions"}],"predecessor-version":[{"id":26659,"href":"https:\/\/www.imelasavoie.fr\/index.php?rest_route=\/wp\/v2\/posts\/26657\/revisions\/26659"}],"wp:attachment":[{"href":"https:\/\/www.imelasavoie.fr\/index.php?rest_route=%2Fwp%2Fv2%2Fmedia&parent=26657"}],"wp:term":[{"taxonomy":"category","embeddable":true,"href":"https:\/\/www.imelasavoie.fr\/index.php?rest_route=%2Fwp%2Fv2%2Fcategories&post=26657"},{"taxonomy":"post_tag","embeddable":true,"href":"https:\/\/www.imelasavoie.fr\/index.php?rest_route=%2Fwp%2Fv2%2Ftags&post=26657"}],"curies":[{"name":"wp","href":"https:\/\/api.w.org\/{rel}","templated":true}]}}