{"id":27000,"date":"2023-07-05T09:49:58","date_gmt":"2023-07-05T07:49:58","guid":{"rendered":"https:\/\/www.imelasavoie.fr\/?p=27000"},"modified":"2023-07-06T16:25:02","modified_gmt":"2023-07-06T14:25:02","slug":"projet-mosaique-en-ajs","status":"publish","type":"post","link":"https:\/\/www.imelasavoie.fr\/?p=27000","title":{"rendered":"[AJS] Projet Mosa\u00efque en AJS"},"content":{"rendered":"\n<figure class=\"wp-block-image size-large\"><a href=\"https:\/\/www.imelasavoie.fr\/wp-content\/uploads\/2023\/07\/MOSAIQUE-FIN.jpg\"><img loading=\"lazy\" decoding=\"async\" width=\"1024\" height=\"650\" src=\"https:\/\/www.imelasavoie.fr\/wp-content\/uploads\/2023\/07\/MOSAIQUE-FIN-1024x650.jpg\" alt=\"\" class=\"wp-image-27006\" srcset=\"https:\/\/www.imelasavoie.fr\/wp-content\/uploads\/2023\/07\/MOSAIQUE-FIN-1024x650.jpg 1024w, https:\/\/www.imelasavoie.fr\/wp-content\/uploads\/2023\/07\/MOSAIQUE-FIN-300x190.jpg 300w, https:\/\/www.imelasavoie.fr\/wp-content\/uploads\/2023\/07\/MOSAIQUE-FIN-768x488.jpg 768w, https:\/\/www.imelasavoie.fr\/wp-content\/uploads\/2023\/07\/MOSAIQUE-FIN.jpg 1386w\" sizes=\"auto, (max-width: 1024px) 100vw, 1024px\" \/><\/a><\/figure>\n\n\n\n<p>Cette ann\u00e9e, les jeunes en AJS le mercredi matin ont r\u00e9alis\u00e9 un projet mosa\u00efque avec pour th\u00e8me : Les Fonds Marins. <\/p>\n\n\n\n<p>Les jeunes ayant particip\u00e9s \u00e0 ce projet sont :<\/p>\n\n\n\n<ul class=\"wp-block-list\">\n<li>BARAQUE Manon<\/li>\n\n\n\n<li>BENEDDINE Emelle<\/li>\n\n\n\n<li>D&rsquo;ETTORE-BERGER Kaoly<\/li>\n\n\n\n<li>GARCIA Alexia<\/li>\n\n\n\n<li>ROYER Shannon<\/li>\n\n\n\n<li>SAUTETNER Stacie<\/li>\n<\/ul>\n\n\n\n<p>BRAVO A TOUTES POUR VOTRE IMAGINATION, VOTRE PATIENCE ET VOTRE IMPLICATION !<\/p>\n\n\n\n<p>Voici quelques photos des filles en plein travail &#8230; Elles sont bien concentr\u00e9es ! \ud83d\ude42<\/p>\n\n\n\n<p><\/p>\n\n\n\n<figure class=\"wp-block-image\"><img loading=\"lazy\" decoding=\"async\" width=\"1051\" height=\"1340\" src=\"https:\/\/www.imelasavoie.fr\/wp-content\/uploads\/2023\/07\/MOSAIQUE-MANON.jpg\" alt=\"\" class=\"wp-image-27008\" srcset=\"https:\/\/www.imelasavoie.fr\/wp-content\/uploads\/2023\/07\/MOSAIQUE-MANON.jpg 1051w, https:\/\/www.imelasavoie.fr\/wp-content\/uploads\/2023\/07\/MOSAIQUE-MANON-235x300.jpg 235w, https:\/\/www.imelasavoie.fr\/wp-content\/uploads\/2023\/07\/MOSAIQUE-MANON-803x1024.jpg 803w, https:\/\/www.imelasavoie.fr\/wp-content\/uploads\/2023\/07\/MOSAIQUE-MANON-768x979.jpg 768w\" sizes=\"auto, (max-width: 1051px) 100vw, 1051px\" \/><\/figure>\n\n\n\n<figure class=\"wp-block-image size-large\"><a href=\"https:\/\/www.imelasavoie.fr\/wp-content\/uploads\/2023\/07\/MOSAIQUE-MANON-KAOLY-ALEXIA.jpg\"><img loading=\"lazy\" decoding=\"async\" width=\"1024\" height=\"768\" src=\"https:\/\/www.imelasavoie.fr\/wp-content\/uploads\/2023\/07\/MOSAIQUE-MANON-KAOLY-ALEXIA-1024x768.jpg\" alt=\"\" class=\"wp-image-27007\" srcset=\"https:\/\/www.imelasavoie.fr\/wp-content\/uploads\/2023\/07\/MOSAIQUE-MANON-KAOLY-ALEXIA-1024x768.jpg 1024w, https:\/\/www.imelasavoie.fr\/wp-content\/uploads\/2023\/07\/MOSAIQUE-MANON-KAOLY-ALEXIA-300x225.jpg 300w, https:\/\/www.imelasavoie.fr\/wp-content\/uploads\/2023\/07\/MOSAIQUE-MANON-KAOLY-ALEXIA-768x576.jpg 768w, https:\/\/www.imelasavoie.fr\/wp-content\/uploads\/2023\/07\/MOSAIQUE-MANON-KAOLY-ALEXIA.jpg 1386w\" sizes=\"auto, (max-width: 1024px) 100vw, 1024px\" \/><\/a><\/figure>\n\n\n\n<figure class=\"wp-block-image size-full\"><a href=\"https:\/\/www.imelasavoie.fr\/wp-content\/uploads\/2023\/07\/MOSAIQUE-EMELLE-ET-STACIE.jpg\"><img loading=\"lazy\" decoding=\"async\" width=\"719\" height=\"959\" src=\"https:\/\/www.imelasavoie.fr\/wp-content\/uploads\/2023\/07\/MOSAIQUE-EMELLE-ET-STACIE.jpg\" alt=\"\" class=\"wp-image-27005\" srcset=\"https:\/\/www.imelasavoie.fr\/wp-content\/uploads\/2023\/07\/MOSAIQUE-EMELLE-ET-STACIE.jpg 719w, https:\/\/www.imelasavoie.fr\/wp-content\/uploads\/2023\/07\/MOSAIQUE-EMELLE-ET-STACIE-225x300.jpg 225w\" sizes=\"auto, (max-width: 719px) 100vw, 719px\" \/><\/a><\/figure>\n","protected":false},"excerpt":{"rendered":"<p>Cette ann\u00e9e, les jeunes en AJS le mercredi matin ont r\u00e9alis\u00e9 un projet mosa\u00efque avec pour th\u00e8me : Les Fonds Marins. Les jeunes ayant particip\u00e9s \u00e0 ce projet sont : BRAVO A TOUTES POUR VOTRE IMAGINATION, VOTRE PATIENCE ET VOTRE &hellip; <a href=\"https:\/\/www.imelasavoie.fr\/?p=27000\">Continuer la lecture <span class=\"meta-nav\">&rarr;<\/span><\/a><\/p>\n","protected":false},"author":22,"featured_media":0,"comment_status":"open","ping_status":"closed","sticky":false,"template":"","format":"standard","meta":{"footnotes":""},"categories":[48,31],"tags":[],"class_list":["post-27000","post","type-post","status-publish","format-standard","hentry","category-actualites","category-aej"],"_links":{"self":[{"href":"https:\/\/www.imelasavoie.fr\/index.php?rest_route=\/wp\/v2\/posts\/27000","targetHints":{"allow":["GET"]}}],"collection":[{"href":"https:\/\/www.imelasavoie.fr\/index.php?rest_route=\/wp\/v2\/posts"}],"about":[{"href":"https:\/\/www.imelasavoie.fr\/index.php?rest_route=\/wp\/v2\/types\/post"}],"author":[{"embeddable":true,"href":"https:\/\/www.imelasavoie.fr\/index.php?rest_route=\/wp\/v2\/users\/22"}],"replies":[{"embeddable":true,"href":"https:\/\/www.imelasavoie.fr\/index.php?rest_route=%2Fwp%2Fv2%2Fcomments&post=27000"}],"version-history":[{"count":2,"href":"https:\/\/www.imelasavoie.fr\/index.php?rest_route=\/wp\/v2\/posts\/27000\/revisions"}],"predecessor-version":[{"id":27015,"href":"https:\/\/www.imelasavoie.fr\/index.php?rest_route=\/wp\/v2\/posts\/27000\/revisions\/27015"}],"wp:attachment":[{"href":"https:\/\/www.imelasavoie.fr\/index.php?rest_route=%2Fwp%2Fv2%2Fmedia&parent=27000"}],"wp:term":[{"taxonomy":"category","embeddable":true,"href":"https:\/\/www.imelasavoie.fr\/index.php?rest_route=%2Fwp%2Fv2%2Fcategories&post=27000"},{"taxonomy":"post_tag","embeddable":true,"href":"https:\/\/www.imelasavoie.fr\/index.php?rest_route=%2Fwp%2Fv2%2Ftags&post=27000"}],"curies":[{"name":"wp","href":"https:\/\/api.w.org\/{rel}","templated":true}]}}