{"id":27011,"date":"2023-07-05T10:07:23","date_gmt":"2023-07-05T08:07:23","guid":{"rendered":"https:\/\/www.imelasavoie.fr\/?p=27011"},"modified":"2023-07-06T16:24:25","modified_gmt":"2023-07-06T14:24:25","slug":"ajs-creation-dune-histoire","status":"publish","type":"post","link":"https:\/\/www.imelasavoie.fr\/?p=27011","title":{"rendered":"[AJS] Cr\u00e9ation d&rsquo;une histoire"},"content":{"rendered":"\n<p>Les jeunes qui ont \u00e9t\u00e9 en AJS fin 2022 d\u00e9but 2023 ont particip\u00e9 \u00e0 la r\u00e9alisation d&rsquo;une histoire.<\/p>\n\n\n\n<p>Cette histoire a \u00e9t\u00e9 cr\u00e9\u00e9e par Emelle, J\u00e9r\u00e9my, Anth\u00e9a, Ilona et Sarah B. <\/p>\n\n\n\n<p>Les jeunes ont choisi le th\u00e8me, imaginer les personnages, le lyc\u00e9e et le contenu de l&rsquo;histoire.<\/p>\n\n\n\n<p>Le th\u00e8me du harc\u00e8lement a \u00e9t\u00e9 pour eux une \u00e9vidence. Il \u00e9tait important pour eux d&rsquo;en parler et de sensibiliser les autres jeunes au mal que peut provoquer le harc\u00e8lement quel qu&rsquo;il soit. <\/p>\n\n\n\n<p>Les jeunes ont r\u00e9alis\u00e9 les illustrations pour repr\u00e9senter les personnages et le lyc\u00e9e !<\/p>\n\n\n\n<p>Ils esp\u00e8rent que vous appr\u00e9cierez la lecture \ud83d\ude42<\/p>\n\n\n\n<p>Je m\u2019appelle Lisa, j\u2019ai 17 ans. Mes parents ont d\u00e9cid\u00e9 de changer de travail et nous avons d\u00fb d\u00e9m\u00e9nager. J\u2019ai chang\u00e9 de lyc\u00e9e. Ce nouveau lyc\u00e9e s\u2019appelle Edelweiss et est situ\u00e9 dans la ville de Sapin City. C\u2019est un immense chalet en bois et pierres au milieu de la for\u00eat entour\u00e9e de sapins.<\/p>\n\n\n\n<p>Pour mon premier jour, maman m\u2019a accompagn\u00e9 car j\u2019\u00e9tais un peu stress\u00e9e. Nous avons \u00e9t\u00e9 accueillis par le directeur qui \u00e9tait tr\u00e8s gentil et qui s\u2019appelle Antoine. Il nous a fait visiter l\u2019internat o\u00f9 j\u2019ai pu voir ma chambre et il m\u2019a dit que je la partagerai avec Marion qui est dans ma classe. Le directeur, Monsieur Antoine m\u2019accompagne dans la classe de Mme Rose, professeur d\u2019anglais pendant que maman rentre \u00e0 la maison.<\/p>\n\n\n\n<p>Mme Rose m\u2019a demand\u00e9 de me pr\u00e9senter aux autres \u00e9l\u00e8ves, j\u2019\u00e9tais g\u00ean\u00e9e car je n\u2019ai pas l\u2019habitude de parler devant des personnes que je ne connais pas. Les \u00e9l\u00e8ves \u00e9taient attentifs \u00e0 ce que je disais sauf un, au fond de la classe qui fabriquait des boulettes de papier. Il a les cheveux noir \u00e9b\u00e8ne, les yeux marrons, il est grand et muscl\u00e9 et s\u2019appelle Nathan. Je l\u2019ai trouv\u00e9 beau m\u00eame s\u2019il n\u2019a pas l\u2019air sympa.<\/p>\n\n\n\n<p>Deux mois apr\u00e8s, je me suis bien int\u00e9gr\u00e9e et j\u2019ai de tr\u00e8s bonnes notes ce qui n\u2019est pas le cas de Lucas qui me demande de l\u2019aide pour que ces notes remontent. Lucas est un beau gar\u00e7on, les cheveux blonds avec les yeux verts et est tr\u00e8s sympa.<\/p>\n\n\n\n<p>Comme Nathan, il fait partie de l\u2019\u00e9quipe de foot du lyc\u00e9e. Ils sont toujours ensemble mais Lucas le craint beaucoup, il est tr\u00e8s influen\u00e7able. Je d\u00e9teste Nathan, il est tellement m\u00e9chant avec tout le monde surtout avec moi. Il me fait des croche pattes dans les couloirs, rigole quand il me voit et me lance des chewing gum dans les cheveux.<\/p>\n\n\n\n<p>Lucas qui est pourtant mon ami ne prend jamais ma d\u00e9fense et cela me rend tr\u00e8s triste. Je donne des cours de soutien \u00e0 Lucas depuis quelques semaines. On apprend \u00e0 se connaitre et je l\u2019aime beaucoup. Je lui ai m\u00eame parl\u00e9 de mes probl\u00e8mes avec Nathan.&nbsp;Lucas ne s\u2019\u00e9tait pas rendu compte que je me faisais emb\u00eater par Nathan.<\/p>\n\n\n\n<p>Quelques jours apr\u00e8s, je croise Nathan dans la cour qui souhaite me parler. Il me dit qu\u2019il est amoureux de moi, je suis choqu\u00e9e, je ne m\u2019y attendais pas. Lucas a tout entendu. Il s\u2019\u00e9nerve contre Nathan et veut se battre avec lui. J\u2019interviens en leur demandant d\u2019arr\u00eater de se battre.<\/p>\n\n\n\n<p>&nbsp;Le directeur Monsieur Antoine qui n\u2019\u00e9tait pas loin nous convoque tous les 3 dans son bureau. Il me demande des explications. Je lui raconte que je subis un harc\u00e8lement de la part de Nathan tous les jours. Il me demande des d\u00e9tails. Je lui raconte tout en pleurant.<\/p>\n\n\n\n<p>&nbsp;Monsieur Antoine crie sur Nathan en lui rappelant qu\u2019il y a des r\u00e8gles \u00e0 respecter et que le harc\u00e8lement est puni par la loi. Nathan se met \u00e0 pleurer et dit qu\u2019il fait \u00e7a car il m\u2019aime. Je lui dis que j\u2019ai beaucoup souffert de son comportement.<\/p>\n\n\n\n<p>Nathan s\u2019excuse et Monsieur Antoine nous demande de sortir et punira Nathan et Lucas pour s\u2019\u00eatre battu. Je demande pourquoi Lucas a voulu se battre. Lucas r\u00e9pond qu\u2019il m\u2019aime aussi et me demande de choisir. Je rougis et je r\u00e9ponds que je l\u2019aime aussi. Depuis ce jour, je ne me fais plus emb\u00eater par Nathan et je suis heureuse dans ce lyc\u00e9e. <\/p>\n\n\n\n<p><strong>Emelle, J\u00e9r\u00e9my, Anth\u00e9a, Ilona et Sarah B.<\/strong><\/p>\n","protected":false},"excerpt":{"rendered":"<p>Les jeunes qui ont \u00e9t\u00e9 en AJS fin 2022 d\u00e9but 2023 ont particip\u00e9 \u00e0 la r\u00e9alisation d&rsquo;une histoire. Cette histoire a \u00e9t\u00e9 cr\u00e9\u00e9e par Emelle, J\u00e9r\u00e9my, Anth\u00e9a, Ilona et Sarah B. Les jeunes ont choisi le th\u00e8me, imaginer les personnages, &hellip; <a href=\"https:\/\/www.imelasavoie.fr\/?p=27011\">Continuer la lecture <span class=\"meta-nav\">&rarr;<\/span><\/a><\/p>\n","protected":false},"author":22,"featured_media":0,"comment_status":"open","ping_status":"closed","sticky":false,"template":"","format":"standard","meta":{"footnotes":""},"categories":[48,31],"tags":[],"class_list":["post-27011","post","type-post","status-publish","format-standard","hentry","category-actualites","category-aej"],"_links":{"self":[{"href":"https:\/\/www.imelasavoie.fr\/index.php?rest_route=\/wp\/v2\/posts\/27011","targetHints":{"allow":["GET"]}}],"collection":[{"href":"https:\/\/www.imelasavoie.fr\/index.php?rest_route=\/wp\/v2\/posts"}],"about":[{"href":"https:\/\/www.imelasavoie.fr\/index.php?rest_route=\/wp\/v2\/types\/post"}],"author":[{"embeddable":true,"href":"https:\/\/www.imelasavoie.fr\/index.php?rest_route=\/wp\/v2\/users\/22"}],"replies":[{"embeddable":true,"href":"https:\/\/www.imelasavoie.fr\/index.php?rest_route=%2Fwp%2Fv2%2Fcomments&post=27011"}],"version-history":[{"count":2,"href":"https:\/\/www.imelasavoie.fr\/index.php?rest_route=\/wp\/v2\/posts\/27011\/revisions"}],"predecessor-version":[{"id":27014,"href":"https:\/\/www.imelasavoie.fr\/index.php?rest_route=\/wp\/v2\/posts\/27011\/revisions\/27014"}],"wp:attachment":[{"href":"https:\/\/www.imelasavoie.fr\/index.php?rest_route=%2Fwp%2Fv2%2Fmedia&parent=27011"}],"wp:term":[{"taxonomy":"category","embeddable":true,"href":"https:\/\/www.imelasavoie.fr\/index.php?rest_route=%2Fwp%2Fv2%2Fcategories&post=27011"},{"taxonomy":"post_tag","embeddable":true,"href":"https:\/\/www.imelasavoie.fr\/index.php?rest_route=%2Fwp%2Fv2%2Ftags&post=27011"}],"curies":[{"name":"wp","href":"https:\/\/api.w.org\/{rel}","templated":true}]}}