{"id":27036,"date":"2023-09-07T10:05:20","date_gmt":"2023-09-07T08:05:20","guid":{"rendered":"https:\/\/www.imelasavoie.fr\/?p=27036"},"modified":"2023-09-07T10:05:20","modified_gmt":"2023-09-07T08:05:20","slug":"rentree-scolaire-bonne-annee-scolaire","status":"publish","type":"post","link":"https:\/\/www.imelasavoie.fr\/?p=27036","title":{"rendered":"[rentr\u00e9e scolaire] Bonne ann\u00e9e scolaire!"},"content":{"rendered":"\n<p>C&rsquo;est la rentr\u00e9e!! Nous vous souhaitons une nouvelle bonne ann\u00e9e scolaire! Nous esp\u00e9rons que tout se passera bien, et que chacun pourra r\u00e9aliser ses projets.<\/p>\n\n\n\n<p>Utilisons ce blog pour \u00e9changer sur les activit\u00e9s faites en classe, en AJS ou sur les groupes! <\/p>\n\n\n\n<p>A tr\u00e8s bient\u00f4t!<\/p>\n\n\n\n<p>La classe Dinamo 1<\/p>\n","protected":false},"excerpt":{"rendered":"<p>C&rsquo;est la rentr\u00e9e!! Nous vous souhaitons une nouvelle bonne ann\u00e9e scolaire! Nous esp\u00e9rons que tout se passera bien, et que chacun pourra r\u00e9aliser ses projets. Utilisons ce blog pour \u00e9changer sur les activit\u00e9s faites en classe, en AJS ou sur &hellip; <a href=\"https:\/\/www.imelasavoie.fr\/?p=27036\">Continuer la lecture <span class=\"meta-nav\">&rarr;<\/span><\/a><\/p>\n","protected":false},"author":13,"featured_media":0,"comment_status":"open","ping_status":"closed","sticky":false,"template":"","format":"standard","meta":{"footnotes":""},"categories":[48,59],"tags":[],"class_list":["post-27036","post","type-post","status-publish","format-standard","hentry","category-actualites","category-dinamo1"],"_links":{"self":[{"href":"https:\/\/www.imelasavoie.fr\/index.php?rest_route=\/wp\/v2\/posts\/27036","targetHints":{"allow":["GET"]}}],"collection":[{"href":"https:\/\/www.imelasavoie.fr\/index.php?rest_route=\/wp\/v2\/posts"}],"about":[{"href":"https:\/\/www.imelasavoie.fr\/index.php?rest_route=\/wp\/v2\/types\/post"}],"author":[{"embeddable":true,"href":"https:\/\/www.imelasavoie.fr\/index.php?rest_route=\/wp\/v2\/users\/13"}],"replies":[{"embeddable":true,"href":"https:\/\/www.imelasavoie.fr\/index.php?rest_route=%2Fwp%2Fv2%2Fcomments&post=27036"}],"version-history":[{"count":1,"href":"https:\/\/www.imelasavoie.fr\/index.php?rest_route=\/wp\/v2\/posts\/27036\/revisions"}],"predecessor-version":[{"id":27037,"href":"https:\/\/www.imelasavoie.fr\/index.php?rest_route=\/wp\/v2\/posts\/27036\/revisions\/27037"}],"wp:attachment":[{"href":"https:\/\/www.imelasavoie.fr\/index.php?rest_route=%2Fwp%2Fv2%2Fmedia&parent=27036"}],"wp:term":[{"taxonomy":"category","embeddable":true,"href":"https:\/\/www.imelasavoie.fr\/index.php?rest_route=%2Fwp%2Fv2%2Fcategories&post=27036"},{"taxonomy":"post_tag","embeddable":true,"href":"https:\/\/www.imelasavoie.fr\/index.php?rest_route=%2Fwp%2Fv2%2Ftags&post=27036"}],"curies":[{"name":"wp","href":"https:\/\/api.w.org\/{rel}","templated":true}]}}