{"id":27825,"date":"2024-02-27T17:30:42","date_gmt":"2024-02-27T15:30:42","guid":{"rendered":"https:\/\/www.imelasavoie.fr\/?p=27825"},"modified":"2024-02-27T17:30:42","modified_gmt":"2024-02-27T15:30:42","slug":"ecoute-musicale-les-chansons-du-mois-de-fevrier","status":"publish","type":"post","link":"https:\/\/www.imelasavoie.fr\/?p=27825","title":{"rendered":"[Ecoute musicale] Les chansons du mois de f\u00e9vrier"},"content":{"rendered":"\n<p id=\"block-c907fcb3-d920-4bb4-ad6e-a165604208c2\">Rappel : <em>dans la classe Mandela 1, nous avons un rituel d&rsquo;\u00e9coute musicale. Chaque jour, notre professeure ou un-e camarade nous propose un morceau de musique \u00e0 \u00e9couter, puis nous donnons notre avis dessus et nous expliquons pourquoi cet avis. Depuis le mois de janvier, nous votons chaque jour pour les chansons que nous \u00e9coutons. Cela nous permet \u00ab\u00a0d&rsquo;\u00e9lire\u00a0\u00bb le morceau du mois<\/em>. <\/p>\n\n\n\n<p id=\"block-b7fb04e5-ad79-4526-8112-ddb7066bfdcb\">Voici donc les deux morceaux du mois de f\u00e9vrier :<\/p>\n\n\n\n<ul class=\"wp-block-list\" id=\"block-cdf65eda-8af5-4774-a035-67df59088a6b\">\n<li><strong>Cat\u00e9gorie \u00ab\u00a0professeure\u00a0\u00bb<\/strong><\/li>\n\n\n\n<li><strong>Scythian (feat. Ben David Warner)<\/strong>, <em>Clare to Here<\/em> \/ Moyenne : 5 \u00e9toiles (\/5)<\/li>\n<\/ul>\n\n\n\n<figure class=\"wp-block-embed is-type-video is-provider-youtube wp-block-embed-youtube wp-embed-aspect-4-3 wp-has-aspect-ratio\"><div class=\"wp-block-embed__wrapper\">\n<iframe loading=\"lazy\" title=\"Clare to Here (feat. Ben David Warner)\" width=\"640\" height=\"480\" src=\"https:\/\/www.youtube.com\/embed\/afCzPf09FBE?feature=oembed\" frameborder=\"0\" allow=\"accelerometer; autoplay; clipboard-write; encrypted-media; gyroscope; picture-in-picture; web-share\" referrerpolicy=\"strict-origin-when-cross-origin\" allowfullscreen><\/iframe>\n<\/div><\/figure>\n\n\n\n<p><\/p>\n\n\n\n<ul class=\"wp-block-list\">\n<li><strong>Cat\u00e9gorie \u00ab\u00a0propos\u00e9 par un-e \u00e9l\u00e8ve\u00a0\u00bb<\/strong><\/li>\n\n\n\n<li><em><strong> <\/strong><\/em><strong>D-Frek<\/strong>, Turbulences (propos\u00e9 par Math\u00e9o P.) \/ Moyenne : 5 \u00e9toiles (\/5)<\/li>\n<\/ul>\n\n\n\n<figure class=\"wp-block-embed is-type-video is-provider-youtube wp-block-embed-youtube wp-embed-aspect-16-9 wp-has-aspect-ratio\"><div class=\"wp-block-embed__wrapper\">\n<iframe loading=\"lazy\" title=\"D-Frek - Turbulences\" width=\"640\" height=\"360\" src=\"https:\/\/www.youtube.com\/embed\/t7_Jc5TJJfw?feature=oembed\" frameborder=\"0\" allow=\"accelerometer; autoplay; clipboard-write; encrypted-media; gyroscope; picture-in-picture; web-share\" referrerpolicy=\"strict-origin-when-cross-origin\" allowfullscreen><\/iframe>\n<\/div><\/figure>\n\n\n\n<p>Voici le d\u00e9tail des morceaux \u00e9cout\u00e9s dans chaque cat\u00e9gorie :<\/p>\n\n\n\n<ul class=\"wp-block-list\">\n<li><strong>Cat\u00e9gorie \u00ab\u00a0professeure\u00a0\u00bb<\/strong><\/li>\n<\/ul>\n\n\n\n<figure class=\"wp-block-table\"><table><tbody><tr><td><strong>Artiste<\/strong><\/td><td><strong>Titre<\/strong><\/td><\/tr><tr><td>Fever Ray<\/td><td>Keep the Streets Empty For Me<\/td><\/tr><tr><td>Nancy Sinatra (feat. Lee Hazlewood)<\/td><td>Summer Wine<\/td><\/tr><tr><td>Scythian (feat. Ben David Warner)<\/td><td>Clare To Here<\/td><\/tr><tr><td>Nickelback<\/td><td>Far Away (live)<\/td><\/tr><tr><td>Debout sur le Zinc<\/td><td>La Pantomime<\/td><\/tr><\/tbody><\/table><\/figure>\n\n\n\n<ul class=\"wp-block-list\">\n<li><strong>Cat\u00e9gorie \u00ab\u00a0\u00e9l\u00e8ve\u00a0\u00bb<\/strong><\/li>\n<\/ul>\n\n\n\n<figure class=\"wp-block-table\"><table><tbody><tr><td><\/td><td><strong>Artiste<\/strong><\/td><td><strong>Titre<\/strong><\/td><\/tr><tr><td>Propos\u00e9 par <strong><em>Alexia<\/em><\/strong> :<\/td><td>Nad\u00e8ge Candle<\/td><td>La chanson de l\u2019\u00e9cole<\/td><\/tr><tr><td>Propos\u00e9 par <strong><em>Kaoly<\/em><\/strong> :<\/td><td>Stray Kids<\/td><td>Be Natural<\/td><\/tr><tr><td>Propos\u00e9 par <strong><em>Math\u00e9o P.<\/em><\/strong> :<\/td><td>D-Frek<\/td><td>Turbulences<\/td><\/tr><\/tbody><\/table><\/figure>\n\n\n\n<p>Et vous, que pensez-vous de ces chansons, et pourquoi ?<\/p>\n\n\n\n<p class=\"has-text-align-center\"><strong>La classe Mandela 1<\/strong><\/p>\n","protected":false},"excerpt":{"rendered":"<p>Rappel : dans la classe Mandela 1, nous avons un rituel d&rsquo;\u00e9coute musicale. Chaque jour, notre professeure ou un-e camarade nous propose un morceau de musique \u00e0 \u00e9couter, puis nous donnons notre avis dessus et nous expliquons pourquoi cet avis. &hellip; <a href=\"https:\/\/www.imelasavoie.fr\/?p=27825\">Continuer la lecture <span class=\"meta-nav\">&rarr;<\/span><\/a><\/p>\n","protected":false},"author":14,"featured_media":0,"comment_status":"open","ping_status":"closed","sticky":false,"template":"","format":"standard","meta":{"footnotes":""},"categories":[56,57],"tags":[108],"class_list":["post-27825","post","type-post","status-publish","format-standard","hentry","category-les-classes-et-ateliers","category-mandela1","tag-musique"],"_links":{"self":[{"href":"https:\/\/www.imelasavoie.fr\/index.php?rest_route=\/wp\/v2\/posts\/27825","targetHints":{"allow":["GET"]}}],"collection":[{"href":"https:\/\/www.imelasavoie.fr\/index.php?rest_route=\/wp\/v2\/posts"}],"about":[{"href":"https:\/\/www.imelasavoie.fr\/index.php?rest_route=\/wp\/v2\/types\/post"}],"author":[{"embeddable":true,"href":"https:\/\/www.imelasavoie.fr\/index.php?rest_route=\/wp\/v2\/users\/14"}],"replies":[{"embeddable":true,"href":"https:\/\/www.imelasavoie.fr\/index.php?rest_route=%2Fwp%2Fv2%2Fcomments&post=27825"}],"version-history":[{"count":1,"href":"https:\/\/www.imelasavoie.fr\/index.php?rest_route=\/wp\/v2\/posts\/27825\/revisions"}],"predecessor-version":[{"id":27826,"href":"https:\/\/www.imelasavoie.fr\/index.php?rest_route=\/wp\/v2\/posts\/27825\/revisions\/27826"}],"wp:attachment":[{"href":"https:\/\/www.imelasavoie.fr\/index.php?rest_route=%2Fwp%2Fv2%2Fmedia&parent=27825"}],"wp:term":[{"taxonomy":"category","embeddable":true,"href":"https:\/\/www.imelasavoie.fr\/index.php?rest_route=%2Fwp%2Fv2%2Fcategories&post=27825"},{"taxonomy":"post_tag","embeddable":true,"href":"https:\/\/www.imelasavoie.fr\/index.php?rest_route=%2Fwp%2Fv2%2Ftags&post=27825"}],"curies":[{"name":"wp","href":"https:\/\/api.w.org\/{rel}","templated":true}]}}