{"id":28382,"date":"2024-09-12T11:59:42","date_gmt":"2024-09-12T09:59:42","guid":{"rendered":"https:\/\/www.imelasavoie.fr\/?p=28382"},"modified":"2024-09-12T16:34:00","modified_gmt":"2024-09-12T14:34:00","slug":"litterature-et-si-on-redessinait-le-monde","status":"publish","type":"post","link":"https:\/\/www.imelasavoie.fr\/?p=28382","title":{"rendered":"[Litt\u00e9rature] Et si on redessinait le monde ?"},"content":{"rendered":"\n<p>En classe la semaine derni\u00e8re, nous avons lu le livre de Daniel Picouly:<\/p>\n\n\n\n<p class=\"has-text-align-center\"><strong><em>\u00ab\u00a0Et si on redessinait le monde ?\u00a0\u00bb<\/em><\/strong><\/p>\n\n\n<div class=\"wp-block-image\">\n<figure class=\"aligncenter size-full\"><a href=\"https:\/\/www.imelasavoie.fr\/wp-content\/uploads\/2024\/09\/1461345-gf.jpg\"><img loading=\"lazy\" decoding=\"async\" width=\"441\" height=\"550\" src=\"https:\/\/www.imelasavoie.fr\/wp-content\/uploads\/2024\/09\/1461345-gf.jpg\" alt=\"\" class=\"wp-image-28384\" srcset=\"https:\/\/www.imelasavoie.fr\/wp-content\/uploads\/2024\/09\/1461345-gf.jpg 441w, https:\/\/www.imelasavoie.fr\/wp-content\/uploads\/2024\/09\/1461345-gf-241x300.jpg 241w\" sizes=\"auto, (max-width: 441px) 100vw, 441px\" \/><\/a><\/figure>\n<\/div>\n\n\n<p><strong>C&rsquo;est l&rsquo;histoire d&rsquo;un enfant qui redessine le monde. Il invente, froisse ses brouillons et, inlassablement, il recommence. M\u00eame si le d\u00e9luge vient calmer ses ardeurs, m\u00eame si le feu du ventre de la Terre vient rallumer ses envies. Face aux d\u00e9couragements, l&rsquo;enfant tient t\u00eate. Juste pour que le monde tourne un peu mieux&#8230;<\/strong> <\/p>\n\n\n\n<p>Alors forc\u00e9ment, on s&rsquo;est pos\u00e9 cette question en classe ! <\/p>\n\n\n\n<p>Voici les r\u00e9ponses des \u00e9l\u00e8ves pr\u00e9sents lors de cette s\u00e9ance:<\/p>\n\n\n\n<p>Lola: <em>Moi si je redessinais le monde, je le rendrais plus libre et plus doux.<\/em><\/p>\n\n\n\n<p>L\u00e9na: <em>Moi, si je redessinais le monde, je mettrais en prison tout ce qui est m\u00e9chant comme les voleurs, les personnes qui tuent et je mettrais tout ce qui est gentil dans le monde.<\/em><\/p>\n\n\n\n<p>Zakaria: <em>Moi si je redessinais le monde, je ferais un monde o\u00f9 l&rsquo;on peut faire ce que l&rsquo;on veut.<\/em><\/p>\n\n\n\n<p>Lola: <em>Moi, si je redessinais le monde je mettrais plein d&rsquo;amour et d&rsquo;amiti\u00e9 parce qu&rsquo;il y a trop de disputes et de chamailleries.<\/em><\/p>\n\n\n\n<p>L\u00e9na: <em>Moi, si je redessinais le monde, j&rsquo;enl\u00e8verais la pollution et tout ce qui est harc\u00e8lement. J&rsquo;aiderais les personnes \u00e0 la rue, les SDF et je leur donnerais \u00e0 manger.<\/em><\/p>\n\n\n\n<p>Samet: <em>Moi, si je pouvais redessiner le monde, j&rsquo;arr\u00eaterais les guerres. Je rendrais les gens riches et je supprimerais la pauvret\u00e9. Je rendrais les gens plus intelligents aussi.<\/em><\/p>\n\n\n\n<p>Ethan: <em>Moi, si je pouvais redessiner le monde, je rendrais les gens heureux et je prendrais soin des malades.<\/em><\/p>\n\n\n\n<p>L\u00e9na: <em>Si je pouvais redessiner le monde, j&rsquo;enl\u00e8verais la fum\u00e9e, l&rsquo;alcool, les cachets et les addictions parce que \u00e7a rend malade et \u00e7a fait mal \u00e0 notre sant\u00e9<\/em>.<\/p>\n\n\n\n<p class=\"has-text-align-center\">La classe Mandela 2<\/p>\n","protected":false},"excerpt":{"rendered":"<p>En classe la semaine derni\u00e8re, nous avons lu le livre de Daniel Picouly: \u00ab\u00a0Et si on redessinait le monde ?\u00a0\u00bb C&rsquo;est l&rsquo;histoire d&rsquo;un enfant qui redessine le monde. Il invente, froisse ses brouillons et, inlassablement, il recommence. M\u00eame si le &hellip; <a href=\"https:\/\/www.imelasavoie.fr\/?p=28382\">Continuer la lecture <span class=\"meta-nav\">&rarr;<\/span><\/a><\/p>\n","protected":false},"author":1,"featured_media":0,"comment_status":"open","ping_status":"closed","sticky":false,"template":"","format":"standard","meta":{"footnotes":""},"categories":[48,56,58],"tags":[],"class_list":["post-28382","post","type-post","status-publish","format-standard","hentry","category-actualites","category-les-classes-et-ateliers","category-mandela2"],"_links":{"self":[{"href":"https:\/\/www.imelasavoie.fr\/index.php?rest_route=\/wp\/v2\/posts\/28382","targetHints":{"allow":["GET"]}}],"collection":[{"href":"https:\/\/www.imelasavoie.fr\/index.php?rest_route=\/wp\/v2\/posts"}],"about":[{"href":"https:\/\/www.imelasavoie.fr\/index.php?rest_route=\/wp\/v2\/types\/post"}],"author":[{"embeddable":true,"href":"https:\/\/www.imelasavoie.fr\/index.php?rest_route=\/wp\/v2\/users\/1"}],"replies":[{"embeddable":true,"href":"https:\/\/www.imelasavoie.fr\/index.php?rest_route=%2Fwp%2Fv2%2Fcomments&post=28382"}],"version-history":[{"count":4,"href":"https:\/\/www.imelasavoie.fr\/index.php?rest_route=\/wp\/v2\/posts\/28382\/revisions"}],"predecessor-version":[{"id":28395,"href":"https:\/\/www.imelasavoie.fr\/index.php?rest_route=\/wp\/v2\/posts\/28382\/revisions\/28395"}],"wp:attachment":[{"href":"https:\/\/www.imelasavoie.fr\/index.php?rest_route=%2Fwp%2Fv2%2Fmedia&parent=28382"}],"wp:term":[{"taxonomy":"category","embeddable":true,"href":"https:\/\/www.imelasavoie.fr\/index.php?rest_route=%2Fwp%2Fv2%2Fcategories&post=28382"},{"taxonomy":"post_tag","embeddable":true,"href":"https:\/\/www.imelasavoie.fr\/index.php?rest_route=%2Fwp%2Fv2%2Ftags&post=28382"}],"curies":[{"name":"wp","href":"https:\/\/api.w.org\/{rel}","templated":true}]}}