{"id":28386,"date":"2024-09-12T12:31:26","date_gmt":"2024-09-12T10:31:26","guid":{"rendered":"https:\/\/www.imelasavoie.fr\/?p=28386"},"modified":"2024-09-13T10:17:10","modified_gmt":"2024-09-13T08:17:10","slug":"litterature-le-barrage","status":"publish","type":"post","link":"https:\/\/www.imelasavoie.fr\/?p=28386","title":{"rendered":"[Litt\u00e9rature] Le barrage"},"content":{"rendered":"\n<p>Ce matin en classe, nous avons lu l&rsquo;album :<\/p>\n\n\n\n<p class=\"has-text-align-center\"><strong><em>\u00ab\u00a0Le barrage\u00a0\u00bb<\/em><\/strong><\/p>\n\n\n<div class=\"wp-block-image\">\n<figure class=\"aligncenter size-full is-resized\"><a href=\"https:\/\/www.imelasavoie.fr\/wp-content\/uploads\/2024\/09\/41drqmJAuL._SX195_.jpg\"><img loading=\"lazy\" decoding=\"async\" width=\"195\" height=\"163\" src=\"https:\/\/www.imelasavoie.fr\/wp-content\/uploads\/2024\/09\/41drqmJAuL._SX195_.jpg\" alt=\"\" class=\"wp-image-28388\" style=\"width:346px;height:auto\"\/><\/a><\/figure>\n<\/div>\n\n\n<p><strong>Une fois le barrage achev\u00e9, les terres seront inond\u00e9es. Mais avant qu&rsquo;elles disparaissent \u00e0 jamais, Kathryn et son p\u00e8re retournent \u00e0 la vall\u00e9e endormie maintenant silencieuse, et glissent dans chacune des maisons une derni\u00e8re m\u00e9lodie. Si l&rsquo;on tend l&rsquo;oreille, on peut l&rsquo;entendre, cette m\u00e9lodie pour tout ce qui fut et ne sera jamais plus.<\/strong><\/p>\n\n\n\n<p>Ce texte raconte une histoire vraie. Celle du plus grand lac artificiel du Royaume-Uni: le Kielder Water.<\/p>\n\n\n\n<p>Il a \u00e9t\u00e9 cr\u00e9e au d\u00e9but des ann\u00e9es 80 avec la mise en place d&rsquo;un barrage qui a engloutit la vall\u00e9e de Kielder o\u00f9 se trouvaient des fermes, une \u00e9cole, de nombreuses propri\u00e9t\u00e9s et une voie de chemin de fer.<\/p>\n\n\n\n<p>Il fallu deux ans pour que les eaux recouvrent la vall\u00e9e. Kielder water est aujourd&rsquo;hui un endroit o\u00f9 l&rsquo;on vient marcher, p\u00eacher, faire du bateau&#8230;<\/p>\n\n\n\n<p>Dans ce livre, la musique de Mike et Kathryn Tickell est tr\u00e8s pr\u00e9sente. Ils sont tous les deux connus \u00e0 travers le monde pour leur musique folklorique qui parle de cette vall\u00e9e engloutie.<\/p>\n\n\n\n<p>Alors forc\u00e9ment, on a fait une recherche en classe sur ces deux musiciens et cette musique:<\/p>\n\n\n\n<figure class=\"wp-block-embed is-type-video is-provider-youtube wp-block-embed-youtube wp-embed-aspect-16-9 wp-has-aspect-ratio\"><div class=\"wp-block-embed__wrapper\">\n<iframe loading=\"lazy\" title=\"Kathryn Tickell &amp; The Darkening \u2013 Quilley Reel\" width=\"640\" height=\"360\" src=\"https:\/\/www.youtube.com\/embed\/NjVJpzZhTmA?feature=oembed\" frameborder=\"0\" allow=\"accelerometer; autoplay; clipboard-write; encrypted-media; gyroscope; picture-in-picture; web-share\" referrerpolicy=\"strict-origin-when-cross-origin\" allowfullscreen><\/iframe>\n<\/div><\/figure>\n\n\n\n<p>Et nous sommes all\u00e9s voir \u00e0 quoi ressemblait cette vall\u00e9e avant la cr\u00e9ation du barrage:<\/p>\n\n\n\n<figure class=\"wp-block-embed is-type-video is-provider-youtube wp-block-embed-youtube wp-embed-aspect-16-9 wp-has-aspect-ratio\"><div class=\"wp-block-embed__wrapper\">\n<iframe loading=\"lazy\" title=\"KIELDER before the WATER\" width=\"640\" height=\"360\" src=\"https:\/\/www.youtube.com\/embed\/seDVNBGqKfY?feature=oembed\" frameborder=\"0\" allow=\"accelerometer; autoplay; clipboard-write; encrypted-media; gyroscope; picture-in-picture; web-share\" referrerpolicy=\"strict-origin-when-cross-origin\" allowfullscreen><\/iframe>\n<\/div><\/figure>\n\n\n\n<p>Et le barrage maintenant:<\/p>\n\n\n\n<figure class=\"wp-block-embed is-type-video is-provider-youtube wp-block-embed-youtube wp-embed-aspect-16-9 wp-has-aspect-ratio\"><div class=\"wp-block-embed__wrapper\">\n<iframe loading=\"lazy\" title=\"Kielder Water\" width=\"640\" height=\"360\" src=\"https:\/\/www.youtube.com\/embed\/Qt7upb-WU8U?feature=oembed\" frameborder=\"0\" allow=\"accelerometer; autoplay; clipboard-write; encrypted-media; gyroscope; picture-in-picture; web-share\" referrerpolicy=\"strict-origin-when-cross-origin\" allowfullscreen><\/iframe>\n<\/div><\/figure>\n\n\n\n<p>Nous travaillerons prochainement en sciences sur l&rsquo;\u00e9nergie hydro-\u00e9lectrique et les barrages&#8230;<\/p>\n\n\n\n<p>Et que certains sont all\u00e9s au lac de Vouglans&#8230;<\/p>\n\n\n\n<figure class=\"wp-block-embed is-type-wp-embed is-provider-ime-dinamo wp-block-embed-ime-dinamo\"><div class=\"wp-block-embed__wrapper\">\n<blockquote class=\"wp-embedded-content\" data-secret=\"2P2Fx1kPMM\"><a href=\"https:\/\/www.imelasavoie.fr\/?p=28248\">Lac de Vouglans<\/a><\/blockquote><iframe loading=\"lazy\" class=\"wp-embedded-content\" sandbox=\"allow-scripts\" security=\"restricted\" style=\"position: absolute; clip: rect(1px, 1px, 1px, 1px);\" title=\"\u00ab\u00a0Lac de Vouglans\u00a0\u00bb &#8212; IME DINAMO\" src=\"https:\/\/www.imelasavoie.fr\/?p=28248&#038;embed=true#?secret=sRIK8ZfMZb#?secret=2P2Fx1kPMM\" data-secret=\"2P2Fx1kPMM\" width=\"600\" height=\"338\" frameborder=\"0\" marginwidth=\"0\" marginheight=\"0\" scrolling=\"no\"><\/iframe>\n<\/div><\/figure>\n\n\n\n<p class=\"has-text-align-center\">La classe Mandela 2<\/p>\n","protected":false},"excerpt":{"rendered":"<p>Ce matin en classe, nous avons lu l&rsquo;album : \u00ab\u00a0Le barrage\u00a0\u00bb Une fois le barrage achev\u00e9, les terres seront inond\u00e9es. Mais avant qu&rsquo;elles disparaissent \u00e0 jamais, Kathryn et son p\u00e8re retournent \u00e0 la vall\u00e9e endormie maintenant silencieuse, et glissent dans &hellip; <a href=\"https:\/\/www.imelasavoie.fr\/?p=28386\">Continuer la lecture <span class=\"meta-nav\">&rarr;<\/span><\/a><\/p>\n","protected":false},"author":1,"featured_media":0,"comment_status":"open","ping_status":"closed","sticky":false,"template":"","format":"standard","meta":{"footnotes":""},"categories":[48,56,58],"tags":[],"class_list":["post-28386","post","type-post","status-publish","format-standard","hentry","category-actualites","category-les-classes-et-ateliers","category-mandela2"],"_links":{"self":[{"href":"https:\/\/www.imelasavoie.fr\/index.php?rest_route=\/wp\/v2\/posts\/28386","targetHints":{"allow":["GET"]}}],"collection":[{"href":"https:\/\/www.imelasavoie.fr\/index.php?rest_route=\/wp\/v2\/posts"}],"about":[{"href":"https:\/\/www.imelasavoie.fr\/index.php?rest_route=\/wp\/v2\/types\/post"}],"author":[{"embeddable":true,"href":"https:\/\/www.imelasavoie.fr\/index.php?rest_route=\/wp\/v2\/users\/1"}],"replies":[{"embeddable":true,"href":"https:\/\/www.imelasavoie.fr\/index.php?rest_route=%2Fwp%2Fv2%2Fcomments&post=28386"}],"version-history":[{"count":6,"href":"https:\/\/www.imelasavoie.fr\/index.php?rest_route=\/wp\/v2\/posts\/28386\/revisions"}],"predecessor-version":[{"id":28399,"href":"https:\/\/www.imelasavoie.fr\/index.php?rest_route=\/wp\/v2\/posts\/28386\/revisions\/28399"}],"wp:attachment":[{"href":"https:\/\/www.imelasavoie.fr\/index.php?rest_route=%2Fwp%2Fv2%2Fmedia&parent=28386"}],"wp:term":[{"taxonomy":"category","embeddable":true,"href":"https:\/\/www.imelasavoie.fr\/index.php?rest_route=%2Fwp%2Fv2%2Fcategories&post=28386"},{"taxonomy":"post_tag","embeddable":true,"href":"https:\/\/www.imelasavoie.fr\/index.php?rest_route=%2Fwp%2Fv2%2Ftags&post=28386"}],"curies":[{"name":"wp","href":"https:\/\/api.w.org\/{rel}","templated":true}]}}