{"id":28427,"date":"2024-09-23T17:02:08","date_gmt":"2024-09-23T15:02:08","guid":{"rendered":"https:\/\/www.imelasavoie.fr\/?p=28427"},"modified":"2024-09-23T17:02:08","modified_gmt":"2024-09-23T15:02:08","slug":"texte-libre-mes-vacances-et-paris-par-ahmet-emin","status":"publish","type":"post","link":"https:\/\/www.imelasavoie.fr\/?p=28427","title":{"rendered":"[Texte libre] Mes vacances et Paris par Ahmet-Emin"},"content":{"rendered":"\n<p class=\"has-text-align-center\"><strong>Mes vacances d\u2019\u00e9t\u00e9 et ma semaine \u00e0 Paris<\/strong><\/p>\n\n\n\n<p>D\u2019abord mes vacances d\u2019\u00e9t\u00e9. Le premier jour avec mon petit cousin, mon p\u00e8re, ma tata, mon tonton, mon papi, ma m\u00e8re et les copains de mon p\u00e8re, on a port\u00e9 le mobilier et les affaire parce que on a d\u00e9m\u00e9nag\u00e9. C\u2019est trop bien. Dans ma maison j\u2019ai un jardin et une terrasse. Je suis toujours \u00e0 Oyonnax. C\u2019est juste que l\u2019on s\u2019est d\u00e9plac\u00e9 \u00e0 un autre endroit. Mon p\u00e8re m\u2019a achet\u00e9 un cadeau. Il m\u2019a achet\u00e9 un nouveau portable. C\u2019est un redmi note 9.<\/p>\n\n\n<div class=\"wp-block-image\">\n<figure class=\"aligncenter size-full is-resized\"><a href=\"https:\/\/www.imelasavoie.fr\/wp-content\/uploads\/2024\/09\/603543_1601622041.8977-1397595449.png\"><img loading=\"lazy\" decoding=\"async\" width=\"700\" height=\"700\" src=\"https:\/\/www.imelasavoie.fr\/wp-content\/uploads\/2024\/09\/603543_1601622041.8977-1397595449.png\" alt=\"\" class=\"wp-image-28429\" style=\"width:231px;height:auto\" srcset=\"https:\/\/www.imelasavoie.fr\/wp-content\/uploads\/2024\/09\/603543_1601622041.8977-1397595449.png 700w, https:\/\/www.imelasavoie.fr\/wp-content\/uploads\/2024\/09\/603543_1601622041.8977-1397595449-300x300.png 300w, https:\/\/www.imelasavoie.fr\/wp-content\/uploads\/2024\/09\/603543_1601622041.8977-1397595449-150x150.png 150w\" sizes=\"auto, (max-width: 700px) 100vw, 700px\" \/><\/a><\/figure>\n<\/div>\n\n\n<p>Apr\u00e8s avec mon petit cousin pendant une semaine, on a dormi chez ma mamie et apr\u00e8s il y avait toute la famille. On a fait un barbecue et les jours o\u00f9 je n\u2019ai rien fait, je n\u2019ai fait que de jouer avec mon portable ou de regarder les r\u00e9seaux sociaux.<\/p>\n\n\n\n<p>Apr\u00e8s avec mon petit cousin et ma cousine on est parti au cin\u00e9ma pour voir le film VICE VERSA 2.<\/p>\n\n\n<div class=\"wp-block-image\">\n<figure class=\"aligncenter size-large is-resized\"><a href=\"https:\/\/www.imelasavoie.fr\/wp-content\/uploads\/2024\/09\/affiche-vice-verse-2-790x1170-810249525.jpg\"><img loading=\"lazy\" decoding=\"async\" width=\"691\" height=\"1024\" src=\"https:\/\/www.imelasavoie.fr\/wp-content\/uploads\/2024\/09\/affiche-vice-verse-2-790x1170-810249525-691x1024.jpg\" alt=\"\" class=\"wp-image-28430\" style=\"width:188px;height:auto\" srcset=\"https:\/\/www.imelasavoie.fr\/wp-content\/uploads\/2024\/09\/affiche-vice-verse-2-790x1170-810249525-691x1024.jpg 691w, https:\/\/www.imelasavoie.fr\/wp-content\/uploads\/2024\/09\/affiche-vice-verse-2-790x1170-810249525-203x300.jpg 203w, https:\/\/www.imelasavoie.fr\/wp-content\/uploads\/2024\/09\/affiche-vice-verse-2-790x1170-810249525-768x1137.jpg 768w, https:\/\/www.imelasavoie.fr\/wp-content\/uploads\/2024\/09\/affiche-vice-verse-2-790x1170-810249525.jpg 790w\" sizes=\"auto, (max-width: 691px) 100vw, 691px\" \/><\/a><\/figure>\n<\/div>\n\n\n<p>C\u2019\u00e9tait bien et a propos\u00e9 de faire une soir\u00e9e pyjamas chez ma mamie. Sauf qu\u2019 on avait fait une grosse b\u00eatise et c\u2019\u00e9tait tr\u00e8s dangereux\u2026 En fait, on a pris un morceau de bois et on voulait essayer de couper en deux avec une hache et un ciseaux \u00e0 bois. Mon papi nous a vu et il \u00e9tait en col\u00e8re. On a \u00e9t\u00e9 punis parce que c\u2019\u00e9tait dangereux.<\/p>\n\n\n\n<p>Nous sommes all\u00e9s \u00e0 Lyon nous 5 (ma mamie, mon papi, mon petit cousin et ma cousine).<\/p>\n\n\n\n<p>On est all\u00e9 voir de la famille et apr\u00e8s \u00e7a nous avons mang\u00e9 un tacos. C\u2019\u00e9tait d\u00e9licieux.<\/p>\n\n\n\n<p>Avant que l\u2019\u00e9cole ouvre en famille on est parti \u00e0 Walibi et l\u00e0-bas j\u2019ai vu L\u00e9ana.<\/p>\n\n\n\n<p>On s\u2019est dit bonjour.<\/p>\n\n\n\n<p>Nous avons aussi avec de la famille f\u00eat\u00e9 le A\u00efd al-Adha.<\/p>\n\n\n\n<p class=\"has-text-align-center\"><strong>Maintenant ma semaine \u00e0 Paris<\/strong><\/p>\n\n\n\n<p>Le premier jour, on a mis les valises dans coffre de bus et on et parti. Quand on est arriv\u00e9 \u00e0 Paris on est all\u00e9 au camping de Champigny sur Marne. On a dormi dans des bungalows.<\/p>\n\n\n\n<p>Le mardi on a vu la tour Eiffel et on a vu le premier sport. C\u2019\u00e9tait du ceci foot. C\u2019\u00e9tait Maroc contre Colombie. Dans ce match j\u2019\u00e9tais pour Maroc. Apr\u00e8s, c\u2019\u00e9tait Argentine contre japon. J\u2019\u00e9tais pour l\u2019Argentine. Apr\u00e8s, on a vu du tir \u00e0 l\u2019arc.<\/p>\n\n\n\n<p>Le mercredi on a vu du basket entre l\u2019Australie et l\u2019Espagne. J\u2019\u00e9tais pour l\u2019Australie et ils ont gagn\u00e9. Apr\u00e8s c\u2019\u00e9tait Chine contre le Japon. J\u2019\u00e9tais pour la Chine et ils ont gagn\u00e9. Ensuite, on a vu le stade de France et c\u2019\u00e9tait bien.<\/p>\n\n\n\n<p>Le jeudi, on a vu du volleyball entre la Bosnie et l\u2019Allemagne. J\u2019\u00e9tais pour la Bosnie et ils ont gagn\u00e9.<\/p>\n\n\n\n<p>Le vendredi, on est parti vers l\u2019Ain.<\/p>\n\n\n\n<p class=\"has-text-align-center\">Ahmet-Emin<\/p>\n","protected":false},"excerpt":{"rendered":"<p>Mes vacances d\u2019\u00e9t\u00e9 et ma semaine \u00e0 Paris D\u2019abord mes vacances d\u2019\u00e9t\u00e9. Le premier jour avec mon petit cousin, mon p\u00e8re, ma tata, mon tonton, mon papi, ma m\u00e8re et les copains de mon p\u00e8re, on a port\u00e9 le mobilier &hellip; <a href=\"https:\/\/www.imelasavoie.fr\/?p=28427\">Continuer la lecture <span class=\"meta-nav\">&rarr;<\/span><\/a><\/p>\n","protected":false},"author":1,"featured_media":0,"comment_status":"open","ping_status":"closed","sticky":false,"template":"","format":"standard","meta":{"footnotes":""},"categories":[56,58],"tags":[],"class_list":["post-28427","post","type-post","status-publish","format-standard","hentry","category-les-classes-et-ateliers","category-mandela2"],"_links":{"self":[{"href":"https:\/\/www.imelasavoie.fr\/index.php?rest_route=\/wp\/v2\/posts\/28427","targetHints":{"allow":["GET"]}}],"collection":[{"href":"https:\/\/www.imelasavoie.fr\/index.php?rest_route=\/wp\/v2\/posts"}],"about":[{"href":"https:\/\/www.imelasavoie.fr\/index.php?rest_route=\/wp\/v2\/types\/post"}],"author":[{"embeddable":true,"href":"https:\/\/www.imelasavoie.fr\/index.php?rest_route=\/wp\/v2\/users\/1"}],"replies":[{"embeddable":true,"href":"https:\/\/www.imelasavoie.fr\/index.php?rest_route=%2Fwp%2Fv2%2Fcomments&post=28427"}],"version-history":[{"count":2,"href":"https:\/\/www.imelasavoie.fr\/index.php?rest_route=\/wp\/v2\/posts\/28427\/revisions"}],"predecessor-version":[{"id":28431,"href":"https:\/\/www.imelasavoie.fr\/index.php?rest_route=\/wp\/v2\/posts\/28427\/revisions\/28431"}],"wp:attachment":[{"href":"https:\/\/www.imelasavoie.fr\/index.php?rest_route=%2Fwp%2Fv2%2Fmedia&parent=28427"}],"wp:term":[{"taxonomy":"category","embeddable":true,"href":"https:\/\/www.imelasavoie.fr\/index.php?rest_route=%2Fwp%2Fv2%2Fcategories&post=28427"},{"taxonomy":"post_tag","embeddable":true,"href":"https:\/\/www.imelasavoie.fr\/index.php?rest_route=%2Fwp%2Fv2%2Ftags&post=28427"}],"curies":[{"name":"wp","href":"https:\/\/api.w.org\/{rel}","templated":true}]}}