{"id":28975,"date":"2025-02-06T09:08:29","date_gmt":"2025-02-06T07:08:29","guid":{"rendered":"https:\/\/www.imelasavoie.fr\/?p=28975"},"modified":"2025-02-06T09:08:29","modified_gmt":"2025-02-06T07:08:29","slug":"atelier-creation","status":"publish","type":"post","link":"https:\/\/www.imelasavoie.fr\/?p=28975","title":{"rendered":"Atelier cr\u00e9ation"},"content":{"rendered":"\n<p>Le mercredi 20 novembre 2024, c&rsquo;\u00e9tait un atelier cr\u00e9ation avec 2 intervenantes du Centre d&rsquo;Art de Lacoux. Sur diff\u00e9rentes surfaces, les jeunes de l&rsquo;atelier \u00ab\u00a0activit\u00e9s culturelles\u00a0\u00bb ont pris le temps d&rsquo;exp\u00e9rimenter et cr\u00e9er. <\/p>\n\n\n\n<figure class=\"wp-block-image size-large\"><a href=\"https:\/\/www.imelasavoie.fr\/wp-content\/uploads\/2024\/11\/processed-8EB1D13B-0B35-48C1-91C4-69FE86886BAB.jpeg\"><img loading=\"lazy\" decoding=\"async\" width=\"1024\" height=\"768\" src=\"https:\/\/www.imelasavoie.fr\/wp-content\/uploads\/2024\/11\/processed-8EB1D13B-0B35-48C1-91C4-69FE86886BAB-1024x768.jpeg\" alt=\"\" class=\"wp-image-28977\" srcset=\"https:\/\/www.imelasavoie.fr\/wp-content\/uploads\/2024\/11\/processed-8EB1D13B-0B35-48C1-91C4-69FE86886BAB-1024x768.jpeg 1024w, https:\/\/www.imelasavoie.fr\/wp-content\/uploads\/2024\/11\/processed-8EB1D13B-0B35-48C1-91C4-69FE86886BAB-300x225.jpeg 300w, https:\/\/www.imelasavoie.fr\/wp-content\/uploads\/2024\/11\/processed-8EB1D13B-0B35-48C1-91C4-69FE86886BAB-768x576.jpeg 768w, https:\/\/www.imelasavoie.fr\/wp-content\/uploads\/2024\/11\/processed-8EB1D13B-0B35-48C1-91C4-69FE86886BAB-1536x1153.jpeg 1536w, https:\/\/www.imelasavoie.fr\/wp-content\/uploads\/2024\/11\/processed-8EB1D13B-0B35-48C1-91C4-69FE86886BAB-2048x1537.jpeg 2048w\" sizes=\"auto, (max-width: 1024px) 100vw, 1024px\" \/><\/a><\/figure>\n\n\n\n<figure class=\"wp-block-image size-large\"><a href=\"https:\/\/www.imelasavoie.fr\/wp-content\/uploads\/2024\/11\/processed-EC3D6284-62C6-458A-889E-223777B723F0.jpeg\"><img loading=\"lazy\" decoding=\"async\" width=\"1024\" height=\"768\" src=\"https:\/\/www.imelasavoie.fr\/wp-content\/uploads\/2024\/11\/processed-EC3D6284-62C6-458A-889E-223777B723F0-1024x768.jpeg\" alt=\"\" class=\"wp-image-28978\" srcset=\"https:\/\/www.imelasavoie.fr\/wp-content\/uploads\/2024\/11\/processed-EC3D6284-62C6-458A-889E-223777B723F0-1024x768.jpeg 1024w, https:\/\/www.imelasavoie.fr\/wp-content\/uploads\/2024\/11\/processed-EC3D6284-62C6-458A-889E-223777B723F0-300x225.jpeg 300w, https:\/\/www.imelasavoie.fr\/wp-content\/uploads\/2024\/11\/processed-EC3D6284-62C6-458A-889E-223777B723F0-768x576.jpeg 768w, https:\/\/www.imelasavoie.fr\/wp-content\/uploads\/2024\/11\/processed-EC3D6284-62C6-458A-889E-223777B723F0-1536x1153.jpeg 1536w, https:\/\/www.imelasavoie.fr\/wp-content\/uploads\/2024\/11\/processed-EC3D6284-62C6-458A-889E-223777B723F0-2048x1537.jpeg 2048w\" sizes=\"auto, (max-width: 1024px) 100vw, 1024px\" \/><\/a><\/figure>\n","protected":false},"excerpt":{"rendered":"<p>Le mercredi 20 novembre 2024, c&rsquo;\u00e9tait un atelier cr\u00e9ation avec 2 intervenantes du Centre d&rsquo;Art de Lacoux. Sur diff\u00e9rentes surfaces, les jeunes de l&rsquo;atelier \u00ab\u00a0activit\u00e9s culturelles\u00a0\u00bb ont pris le temps d&rsquo;exp\u00e9rimenter et cr\u00e9er.<\/p>\n","protected":false},"author":21,"featured_media":0,"comment_status":"open","ping_status":"closed","sticky":false,"template":"","format":"standard","meta":{"footnotes":""},"categories":[63],"tags":[],"class_list":["post-28975","post","type-post","status-publish","format-standard","hentry","category-groupe-accueil"],"_links":{"self":[{"href":"https:\/\/www.imelasavoie.fr\/index.php?rest_route=\/wp\/v2\/posts\/28975","targetHints":{"allow":["GET"]}}],"collection":[{"href":"https:\/\/www.imelasavoie.fr\/index.php?rest_route=\/wp\/v2\/posts"}],"about":[{"href":"https:\/\/www.imelasavoie.fr\/index.php?rest_route=\/wp\/v2\/types\/post"}],"author":[{"embeddable":true,"href":"https:\/\/www.imelasavoie.fr\/index.php?rest_route=\/wp\/v2\/users\/21"}],"replies":[{"embeddable":true,"href":"https:\/\/www.imelasavoie.fr\/index.php?rest_route=%2Fwp%2Fv2%2Fcomments&post=28975"}],"version-history":[{"count":2,"href":"https:\/\/www.imelasavoie.fr\/index.php?rest_route=\/wp\/v2\/posts\/28975\/revisions"}],"predecessor-version":[{"id":29455,"href":"https:\/\/www.imelasavoie.fr\/index.php?rest_route=\/wp\/v2\/posts\/28975\/revisions\/29455"}],"wp:attachment":[{"href":"https:\/\/www.imelasavoie.fr\/index.php?rest_route=%2Fwp%2Fv2%2Fmedia&parent=28975"}],"wp:term":[{"taxonomy":"category","embeddable":true,"href":"https:\/\/www.imelasavoie.fr\/index.php?rest_route=%2Fwp%2Fv2%2Fcategories&post=28975"},{"taxonomy":"post_tag","embeddable":true,"href":"https:\/\/www.imelasavoie.fr\/index.php?rest_route=%2Fwp%2Fv2%2Ftags&post=28975"}],"curies":[{"name":"wp","href":"https:\/\/api.w.org\/{rel}","templated":true}]}}