{"id":29407,"date":"2025-02-03T17:37:36","date_gmt":"2025-02-03T15:37:36","guid":{"rendered":"https:\/\/www.imelasavoie.fr\/?p=29407"},"modified":"2025-02-03T18:00:38","modified_gmt":"2025-02-03T16:00:38","slug":"vendee-globe-arrivees-des-bateaux-mandela-1-et-dinamo-1","status":"publish","type":"post","link":"https:\/\/www.imelasavoie.fr\/?p=29407","title":{"rendered":"[Vend\u00e9e Globe] Les bateaux Mandela 1 et Dinamo 1 sont arriv\u00e9s !!!!"},"content":{"rendered":"\n<p>Apr\u00e8s 85 jours de mer sur nos bateaux, nous sommes enfin arriv\u00e9s aux Sables d&rsquo;Olonnes!!<\/p>\n\n\n\n<p>Le bateau Mandela 1 a gagn\u00e9 la course! Un grand BRAVO \u00e0 eux pour cette belle navigation!!!<\/p>\n\n\n\n<p>Avec notre bateau Dinamo 1, nous sommes arriv\u00e9s \u00e0 16h10 ce 3 f\u00e9vrier 2025, seulement 2h30 apr\u00e8s le bateau Mandela 1. C&rsquo;est incroyable qu&rsquo;il y ait si peu d&rsquo;\u00e9cart apr\u00e8s plus de 85 jours de course!!<\/p>\n\n\n\n<p>Nous attendons maintenant les bateaux Dinamo 2 et CECOF, et aussi celui d&rsquo;Esteban et N.Duclos qui participent aussi  \u00e0 la course depuis le 11 novembre.<\/p>\n\n\n\n<p>Voici notre dipl\u00f4me:<\/p>\n\n\n\n<figure class=\"wp-block-image size-large\"><a href=\"https:\/\/www.imelasavoie.fr\/wp-content\/uploads\/2025\/02\/IMG_20250203_161515-scaled.jpg\"><img loading=\"lazy\" decoding=\"async\" width=\"1024\" height=\"768\" src=\"https:\/\/www.imelasavoie.fr\/wp-content\/uploads\/2025\/02\/IMG_20250203_161515-1024x768.jpg\" alt=\"\" class=\"wp-image-29408\" srcset=\"https:\/\/www.imelasavoie.fr\/wp-content\/uploads\/2025\/02\/IMG_20250203_161515-1024x768.jpg 1024w, https:\/\/www.imelasavoie.fr\/wp-content\/uploads\/2025\/02\/IMG_20250203_161515-300x225.jpg 300w, https:\/\/www.imelasavoie.fr\/wp-content\/uploads\/2025\/02\/IMG_20250203_161515-768x576.jpg 768w, https:\/\/www.imelasavoie.fr\/wp-content\/uploads\/2025\/02\/IMG_20250203_161515-1536x1152.jpg 1536w, https:\/\/www.imelasavoie.fr\/wp-content\/uploads\/2025\/02\/IMG_20250203_161515-2048x1536.jpg 2048w\" sizes=\"auto, (max-width: 1024px) 100vw, 1024px\" \/><\/a><\/figure>\n","protected":false},"excerpt":{"rendered":"<p>Apr\u00e8s 85 jours de mer sur nos bateaux, nous sommes enfin arriv\u00e9s aux Sables d&rsquo;Olonnes!! Le bateau Mandela 1 a gagn\u00e9 la course! Un grand BRAVO \u00e0 eux pour cette belle navigation!!! Avec notre bateau Dinamo 1, nous sommes arriv\u00e9s &hellip; <a href=\"https:\/\/www.imelasavoie.fr\/?p=29407\">Continuer la lecture <span class=\"meta-nav\">&rarr;<\/span><\/a><\/p>\n","protected":false},"author":13,"featured_media":0,"comment_status":"open","ping_status":"closed","sticky":false,"template":"","format":"standard","meta":{"footnotes":""},"categories":[1],"tags":[],"class_list":["post-29407","post","type-post","status-publish","format-standard","hentry","category-non-classe"],"_links":{"self":[{"href":"https:\/\/www.imelasavoie.fr\/index.php?rest_route=\/wp\/v2\/posts\/29407","targetHints":{"allow":["GET"]}}],"collection":[{"href":"https:\/\/www.imelasavoie.fr\/index.php?rest_route=\/wp\/v2\/posts"}],"about":[{"href":"https:\/\/www.imelasavoie.fr\/index.php?rest_route=\/wp\/v2\/types\/post"}],"author":[{"embeddable":true,"href":"https:\/\/www.imelasavoie.fr\/index.php?rest_route=\/wp\/v2\/users\/13"}],"replies":[{"embeddable":true,"href":"https:\/\/www.imelasavoie.fr\/index.php?rest_route=%2Fwp%2Fv2%2Fcomments&post=29407"}],"version-history":[{"count":2,"href":"https:\/\/www.imelasavoie.fr\/index.php?rest_route=\/wp\/v2\/posts\/29407\/revisions"}],"predecessor-version":[{"id":29410,"href":"https:\/\/www.imelasavoie.fr\/index.php?rest_route=\/wp\/v2\/posts\/29407\/revisions\/29410"}],"wp:attachment":[{"href":"https:\/\/www.imelasavoie.fr\/index.php?rest_route=%2Fwp%2Fv2%2Fmedia&parent=29407"}],"wp:term":[{"taxonomy":"category","embeddable":true,"href":"https:\/\/www.imelasavoie.fr\/index.php?rest_route=%2Fwp%2Fv2%2Fcategories&post=29407"},{"taxonomy":"post_tag","embeddable":true,"href":"https:\/\/www.imelasavoie.fr\/index.php?rest_route=%2Fwp%2Fv2%2Ftags&post=29407"}],"curies":[{"name":"wp","href":"https:\/\/api.w.org\/{rel}","templated":true}]}}