{"id":29415,"date":"2025-02-05T15:37:59","date_gmt":"2025-02-05T13:37:59","guid":{"rendered":"https:\/\/www.imelasavoie.fr\/?p=29415"},"modified":"2025-02-05T20:29:05","modified_gmt":"2025-02-05T18:29:05","slug":"litterature-heros-ordinaires","status":"publish","type":"post","link":"https:\/\/www.imelasavoie.fr\/?p=29415","title":{"rendered":"[Litt\u00e9rature] H\u00e9ros ordinaires: six destins hors du commun"},"content":{"rendered":"\n<p>Cette semaine au sein de la classe Mandela 2, nous lisons l&rsquo;album \u00ab\u00a0h\u00e9ros ordinaires, six destins hors du commun\u00a0\u00bb.<\/p>\n\n\n<div class=\"wp-block-image\">\n<figure class=\"aligncenter size-full\"><a href=\"https:\/\/www.imelasavoie.fr\/wp-content\/uploads\/2025\/02\/Capture-decran-2025-02-05-144104.jpg\"><img loading=\"lazy\" decoding=\"async\" width=\"630\" height=\"779\" src=\"https:\/\/www.imelasavoie.fr\/wp-content\/uploads\/2025\/02\/Capture-decran-2025-02-05-144104.jpg\" alt=\"\" class=\"wp-image-29421\" srcset=\"https:\/\/www.imelasavoie.fr\/wp-content\/uploads\/2025\/02\/Capture-decran-2025-02-05-144104.jpg 630w, https:\/\/www.imelasavoie.fr\/wp-content\/uploads\/2025\/02\/Capture-decran-2025-02-05-144104-243x300.jpg 243w\" sizes=\"auto, (max-width: 630px) 100vw, 630px\" \/><\/a><\/figure>\n<\/div>\n\n\n<p>Cet album issu de la s\u00e9lection \u00ab\u00a01.2.3 albums\u00a0\u00bb retrace les vies r\u00e9elles de 6 personnages incroyables de t\u00e9nacit\u00e9 et de pers\u00e9v\u00e9rance face \u00e0 l&rsquo;adversit\u00e9. <\/p>\n\n\n\n<p>Nous avons commenc\u00e9 avec l&rsquo;histoire de Hashiko, chien fid\u00e8le \u00e0 son ma\u00eetre disparu. Son histoire incroyable en vid\u00e9o:<\/p>\n\n\n\n<figure class=\"wp-block-embed is-type-video is-provider-youtube wp-block-embed-youtube wp-embed-aspect-16-9 wp-has-aspect-ratio\"><div class=\"wp-block-embed__wrapper\">\n<iframe loading=\"lazy\" title=\"Une vie : le chien Hachik\u014d\" width=\"640\" height=\"360\" src=\"https:\/\/www.youtube.com\/embed\/4bGSEb5Gj2A?feature=oembed\" frameborder=\"0\" allow=\"accelerometer; autoplay; clipboard-write; encrypted-media; gyroscope; picture-in-picture; web-share\" referrerpolicy=\"strict-origin-when-cross-origin\" allowfullscreen><\/iframe>\n<\/div><\/figure>\n\n\n\n<p>Nous avons \u00e9galement d\u00e9couvert l&rsquo;histoire de cet homme vivant en Inde, Dashrath Manjhi, qui a creus\u00e9 \u00e0 la main pendant 20 ans une route \u00e0 travers la montagne suite \u00e0 la mort de sa femme. <\/p>\n\n\n\n<p>Celle-ci n&rsquo;avait pu recevoir de l&rsquo;aide m\u00e9dicale suite \u00e0 une grave chute. Les premiers m\u00e9decins \u00e9taient en effet \u00e0 plus de 70 km de son village. Il d\u00e9cida donc en souvenir de son \u00e9pouse d\u00e9c\u00e9d\u00e9e de creuser la montagne pour faire un raccourci. Les m\u00e9decins sont aujourd&rsquo;hui \u00e0 1 km de son village&#8230;<\/p>\n\n\n\n<p>Le texte de cette histoire incroyable:<\/p>\n\n\n\n<p><a href=\"https:\/\/www.calameo.com\/editions-de-la-martiniere\/read\/0056310670e2fb25f458c\">https:\/\/www.calameo.com\/editions-de-la-martiniere\/read\/0056310670e2fb25f458c<\/a><\/p>\n\n\n\n<p>Cette histoire en vid\u00e9o:<\/p>\n\n\n\n<figure class=\"wp-block-embed is-type-video is-provider-youtube wp-block-embed-youtube wp-embed-aspect-16-9 wp-has-aspect-ratio\"><div class=\"wp-block-embed__wrapper\">\n<iframe loading=\"lazy\" title=\"Dashrath Manjhi  L&#039;homme qui divisa en 2 la montagne\" width=\"640\" height=\"360\" src=\"https:\/\/www.youtube.com\/embed\/tqcVqEBZqsU?feature=oembed\" frameborder=\"0\" allow=\"accelerometer; autoplay; clipboard-write; encrypted-media; gyroscope; picture-in-picture; web-share\" referrerpolicy=\"strict-origin-when-cross-origin\" allowfullscreen><\/iframe>\n<\/div><\/figure>\n\n\n\n<p>Nous avons enfin racont\u00e9 la fabuleuse histoire de Ferdinand Cheval, facteur fran\u00e7ais, qui a dress\u00e9 pour sa fille, Alice, un palais extraordinaire \u00e0 la seule force de ses mains. <\/p>\n\n\n\n<figure class=\"wp-block-embed is-type-video is-provider-youtube wp-block-embed-youtube wp-embed-aspect-16-9 wp-has-aspect-ratio\"><div class=\"wp-block-embed__wrapper\">\n<iframe loading=\"lazy\" title=\"Palais Id\u00e9al du Facteur Cheval - R\u00e9gion Auvergne Rh\u00f4ne Alpes - Le Monument pr\u00e9f\u00e9r\u00e9 des Fran\u00e7ais\" width=\"640\" height=\"360\" src=\"https:\/\/www.youtube.com\/embed\/3F6TxSZ5x78?feature=oembed\" frameborder=\"0\" allow=\"accelerometer; autoplay; clipboard-write; encrypted-media; gyroscope; picture-in-picture; web-share\" referrerpolicy=\"strict-origin-when-cross-origin\" allowfullscreen><\/iframe>\n<\/div><\/figure>\n\n\n\n<p>Des fabuleux destins qui mettent en avant une vis\u00e9e singuli\u00e8re capable de d\u00e9placer des montagnes. <\/p>\n\n\n\n<p>Alors souvent on les a pris pour des fous, on les a marginalis\u00e9s, mis de c\u00f4t\u00e9s, point\u00e9s du doigt, on s&rsquo;est moqu\u00e9 d&rsquo;eux mais&#8230; Ils n&rsquo;ont pas c\u00e9d\u00e9. Ils n&rsquo;ont pas l\u00e2ch\u00e9. Ils ont pers\u00e9v\u00e9r\u00e9 pour tendre vers ce r\u00eave impossible qu&rsquo;ils avaient en t\u00eate envers et contre tout.<\/p>\n\n\n\n<p>On peut lire dans cet album: <\/p>\n\n\n\n<p class=\"has-text-align-center\"><strong>\u00ab\u00a0O\u00f9 le songe devient la r\u00e9alit\u00e9\u00a0\u00bb<\/strong><\/p>\n\n\n\n<p><strong>\u00ab\u00a0Je sais que c&rsquo;est impossible, alors je le fais ! Lentement, mais s\u00fbrement&#8230;\u00a0\u00bb<\/strong><\/p>\n\n\n\n<p class=\"has-text-align-center\"><strong>Alors \u00e9videmment c&rsquo;est une invitation, c&rsquo;est un cri&#8230; <\/strong><\/p>\n\n\n\n<p class=\"has-text-align-center\"><strong>Celui du : \u00ab\u00a0TOUS CAPABLES !\u00a0\u00bb<\/strong><\/p>\n\n\n\n<p class=\"has-text-align-center\">La classe Mandela 2<\/p>\n","protected":false},"excerpt":{"rendered":"<p>Cette semaine au sein de la classe Mandela 2, nous lisons l&rsquo;album \u00ab\u00a0h\u00e9ros ordinaires, six destins hors du commun\u00a0\u00bb. Cet album issu de la s\u00e9lection \u00ab\u00a01.2.3 albums\u00a0\u00bb retrace les vies r\u00e9elles de 6 personnages incroyables de t\u00e9nacit\u00e9 et de pers\u00e9v\u00e9rance &hellip; <a href=\"https:\/\/www.imelasavoie.fr\/?p=29415\">Continuer la lecture <span class=\"meta-nav\">&rarr;<\/span><\/a><\/p>\n","protected":false},"author":1,"featured_media":0,"comment_status":"open","ping_status":"closed","sticky":false,"template":"","format":"standard","meta":{"footnotes":""},"categories":[56,58],"tags":[],"class_list":["post-29415","post","type-post","status-publish","format-standard","hentry","category-les-classes-et-ateliers","category-mandela2"],"_links":{"self":[{"href":"https:\/\/www.imelasavoie.fr\/index.php?rest_route=\/wp\/v2\/posts\/29415","targetHints":{"allow":["GET"]}}],"collection":[{"href":"https:\/\/www.imelasavoie.fr\/index.php?rest_route=\/wp\/v2\/posts"}],"about":[{"href":"https:\/\/www.imelasavoie.fr\/index.php?rest_route=\/wp\/v2\/types\/post"}],"author":[{"embeddable":true,"href":"https:\/\/www.imelasavoie.fr\/index.php?rest_route=\/wp\/v2\/users\/1"}],"replies":[{"embeddable":true,"href":"https:\/\/www.imelasavoie.fr\/index.php?rest_route=%2Fwp%2Fv2%2Fcomments&post=29415"}],"version-history":[{"count":15,"href":"https:\/\/www.imelasavoie.fr\/index.php?rest_route=\/wp\/v2\/posts\/29415\/revisions"}],"predecessor-version":[{"id":29433,"href":"https:\/\/www.imelasavoie.fr\/index.php?rest_route=\/wp\/v2\/posts\/29415\/revisions\/29433"}],"wp:attachment":[{"href":"https:\/\/www.imelasavoie.fr\/index.php?rest_route=%2Fwp%2Fv2%2Fmedia&parent=29415"}],"wp:term":[{"taxonomy":"category","embeddable":true,"href":"https:\/\/www.imelasavoie.fr\/index.php?rest_route=%2Fwp%2Fv2%2Fcategories&post=29415"},{"taxonomy":"post_tag","embeddable":true,"href":"https:\/\/www.imelasavoie.fr\/index.php?rest_route=%2Fwp%2Fv2%2Ftags&post=29415"}],"curies":[{"name":"wp","href":"https:\/\/api.w.org\/{rel}","templated":true}]}}