{"id":29491,"date":"2025-02-12T12:31:19","date_gmt":"2025-02-12T10:31:19","guid":{"rendered":"https:\/\/www.imelasavoie.fr\/?p=29491"},"modified":"2025-02-12T17:37:36","modified_gmt":"2025-02-12T15:37:36","slug":"texte-libre-libre-lhistoire-de-jessica-et-louna-par-oceane","status":"publish","type":"post","link":"https:\/\/www.imelasavoie.fr\/?p=29491","title":{"rendered":"[Texte libre libre] L&rsquo;histoire de Jessica et Louna par Oc\u00e9ane"},"content":{"rendered":"\n<p>C\u2019est deux s\u0153urs. Celle de gauche s\u2019appelle Louna. Elle a les yeux bleus. Elle a 15 ans. <\/p>\n\n\n\n<p>Elle va au coll\u00e8ge Montr\u00e9al la cluse. Elle est en 4\u00b01 parce qu\u2019elle a redoubl\u00e9. Elle aime la mode et prendre soin d\u2019elle. Sur ses habits, on peut voir la lettre \u00ab&nbsp;A&nbsp;\u00bb parce qu\u2019elle est amoureuse\u2026 <\/p>\n\n\n\n<p>Sa s\u0153ur \u00e0 droite s\u2019appelle Jessica. Elle a 14 ans. Elle est blonde \u00e9galement avec les yeux bleus. <\/p>\n\n\n\n<p>Elle n\u2019aime pas la mode mais adore la musique. Elle \u00e9coute du rock classique. Elle va \u00e9galement au coll\u00e8ge Th\u00e9odore Rosset de Montr\u00e9al la cluse et est scolaris\u00e9e en 4\u00b01 comme sa s\u0153ur. <\/p>\n\n\n\n<p>Les deux s\u0153urs s\u2019entendent bien. <\/p>\n\n\n\n<p>Louna est amoureuse d\u2019un gar\u00e7on qu\u2019on appelle le \u00abA\u00bb.\u00a0 Ils sont ensemble depuis une dizaine de jours.<\/p>\n\n\n\n<p>Louna est heureuse. C\u2019est la premi\u00e8re fois qu\u2019elle amoureuse comme \u00e7a d\u2019un gar\u00e7on et en parle \u00e0 sa s\u0153ur matin, midi et soir. <\/p>\n\n\n\n<p>Jessica est heureuse pour sa s\u0153ur mais n\u2019est pas int\u00e9ress\u00e9e par les gar\u00e7ons. <\/p>\n\n\n\n<p>Elle aime bien \u00eatre seule avec sa s\u0153ur. &nbsp;&nbsp;&nbsp;<\/p>\n\n\n\n<p>&nbsp;&nbsp;&nbsp;&nbsp;&nbsp;&nbsp;&nbsp;&nbsp;&nbsp;&nbsp;&nbsp;&nbsp;&nbsp;&nbsp;&nbsp;<\/p>\n\n\n<div class=\"wp-block-image\">\n<figure class=\"aligncenter size-full\"><a href=\"https:\/\/www.imelasavoie.fr\/wp-content\/uploads\/2025\/02\/Annotation-2025-02-12-113000.jpg\"><img loading=\"lazy\" decoding=\"async\" width=\"385\" height=\"431\" src=\"https:\/\/www.imelasavoie.fr\/wp-content\/uploads\/2025\/02\/Annotation-2025-02-12-113000.jpg\" alt=\"\" class=\"wp-image-29493\" srcset=\"https:\/\/www.imelasavoie.fr\/wp-content\/uploads\/2025\/02\/Annotation-2025-02-12-113000.jpg 385w, https:\/\/www.imelasavoie.fr\/wp-content\/uploads\/2025\/02\/Annotation-2025-02-12-113000-268x300.jpg 268w\" sizes=\"auto, (max-width: 385px) 100vw, 385px\" \/><\/a><\/figure>\n<\/div>\n\n\n<p class=\"has-text-align-center\">Oc\u00e9ane<\/p>\n","protected":false},"excerpt":{"rendered":"<p>C\u2019est deux s\u0153urs. Celle de gauche s\u2019appelle Louna. Elle a les yeux bleus. Elle a 15 ans. Elle va au coll\u00e8ge Montr\u00e9al la cluse. Elle est en 4\u00b01 parce qu\u2019elle a redoubl\u00e9. Elle aime la mode et prendre soin d\u2019elle. &hellip; <a href=\"https:\/\/www.imelasavoie.fr\/?p=29491\">Continuer la lecture <span class=\"meta-nav\">&rarr;<\/span><\/a><\/p>\n","protected":false},"author":1,"featured_media":0,"comment_status":"open","ping_status":"closed","sticky":false,"template":"","format":"standard","meta":{"footnotes":""},"categories":[56,58],"tags":[],"class_list":["post-29491","post","type-post","status-publish","format-standard","hentry","category-les-classes-et-ateliers","category-mandela2"],"_links":{"self":[{"href":"https:\/\/www.imelasavoie.fr\/index.php?rest_route=\/wp\/v2\/posts\/29491","targetHints":{"allow":["GET"]}}],"collection":[{"href":"https:\/\/www.imelasavoie.fr\/index.php?rest_route=\/wp\/v2\/posts"}],"about":[{"href":"https:\/\/www.imelasavoie.fr\/index.php?rest_route=\/wp\/v2\/types\/post"}],"author":[{"embeddable":true,"href":"https:\/\/www.imelasavoie.fr\/index.php?rest_route=\/wp\/v2\/users\/1"}],"replies":[{"embeddable":true,"href":"https:\/\/www.imelasavoie.fr\/index.php?rest_route=%2Fwp%2Fv2%2Fcomments&post=29491"}],"version-history":[{"count":3,"href":"https:\/\/www.imelasavoie.fr\/index.php?rest_route=\/wp\/v2\/posts\/29491\/revisions"}],"predecessor-version":[{"id":29499,"href":"https:\/\/www.imelasavoie.fr\/index.php?rest_route=\/wp\/v2\/posts\/29491\/revisions\/29499"}],"wp:attachment":[{"href":"https:\/\/www.imelasavoie.fr\/index.php?rest_route=%2Fwp%2Fv2%2Fmedia&parent=29491"}],"wp:term":[{"taxonomy":"category","embeddable":true,"href":"https:\/\/www.imelasavoie.fr\/index.php?rest_route=%2Fwp%2Fv2%2Fcategories&post=29491"},{"taxonomy":"post_tag","embeddable":true,"href":"https:\/\/www.imelasavoie.fr\/index.php?rest_route=%2Fwp%2Fv2%2Ftags&post=29491"}],"curies":[{"name":"wp","href":"https:\/\/api.w.org\/{rel}","templated":true}]}}