{"id":29654,"date":"2025-03-20T10:40:11","date_gmt":"2025-03-20T08:40:11","guid":{"rendered":"https:\/\/www.imelasavoie.fr\/?p=29654"},"modified":"2025-03-20T10:41:06","modified_gmt":"2025-03-20T08:41:06","slug":"randonnee-mardi-18-mars","status":"publish","type":"post","link":"https:\/\/www.imelasavoie.fr\/?p=29654","title":{"rendered":"Randonn\u00e9e Mardi 18 mars"},"content":{"rendered":"\n<p>Mardi 18 mars avec la classe dinamo 1 nous sommes all\u00e9s marcher dans une for\u00eat, il y&rsquo;avait des mont\u00e9es et des descentes. On s&rsquo;est rendu \u00e0 la cascade des L\u00e9sines. Certains en ont profit\u00e9 pour se rafra\u00eechir. Nous  sommes partis des L\u00e9sines puis pass\u00e9 sur le pont de Nantuy, et nous sommes entr\u00e9s dans la foret en suivant le chemin balis\u00e9 VTT.  En redescendant nous avons travers\u00e9 le pont de Tr\u00e9 Pont, et nous sommes rentr\u00e9s par la ferme. Nous avons fait des pauses pour aller au rythme de chacun.<\/p>\n\n\n\n<p>Nathan et Lola H<\/p>\n\n\n\n<figure class=\"wp-block-gallery has-nested-images columns-default is-cropped wp-block-gallery-1 is-layout-flex wp-block-gallery-is-layout-flex\">\n<figure class=\"wp-block-image size-large\"><a href=\"https:\/\/www.imelasavoie.fr\/wp-content\/uploads\/2025\/03\/IMG_2760-scaled.jpg\"><img loading=\"lazy\" decoding=\"async\" width=\"768\" height=\"1024\" data-id=\"29657\" src=\"https:\/\/www.imelasavoie.fr\/wp-content\/uploads\/2025\/03\/IMG_2760-768x1024.jpg\" alt=\"\" class=\"wp-image-29657\" srcset=\"https:\/\/www.imelasavoie.fr\/wp-content\/uploads\/2025\/03\/IMG_2760-768x1024.jpg 768w, https:\/\/www.imelasavoie.fr\/wp-content\/uploads\/2025\/03\/IMG_2760-225x300.jpg 225w, https:\/\/www.imelasavoie.fr\/wp-content\/uploads\/2025\/03\/IMG_2760-1152x1536.jpg 1152w, https:\/\/www.imelasavoie.fr\/wp-content\/uploads\/2025\/03\/IMG_2760-1536x2048.jpg 1536w, https:\/\/www.imelasavoie.fr\/wp-content\/uploads\/2025\/03\/IMG_2760-scaled.jpg 1920w\" sizes=\"auto, (max-width: 768px) 100vw, 768px\" \/><\/a><\/figure>\n<\/figure>\n\n\n\n\n","protected":false},"excerpt":{"rendered":"<p>Mardi 18 mars avec la classe dinamo 1 nous sommes all\u00e9s marcher dans une for\u00eat, il y&rsquo;avait des mont\u00e9es et des descentes. On s&rsquo;est rendu \u00e0 la cascade des L\u00e9sines. Certains en ont profit\u00e9 pour se rafra\u00eechir. Nous sommes partis &hellip; <a href=\"https:\/\/www.imelasavoie.fr\/?p=29654\">Continuer la lecture <span class=\"meta-nav\">&rarr;<\/span><\/a><\/p>\n","protected":false},"author":10,"featured_media":0,"comment_status":"open","ping_status":"closed","sticky":false,"template":"","format":"standard","meta":{"footnotes":""},"categories":[1],"tags":[],"class_list":["post-29654","post","type-post","status-publish","format-standard","hentry","category-non-classe"],"_links":{"self":[{"href":"https:\/\/www.imelasavoie.fr\/index.php?rest_route=\/wp\/v2\/posts\/29654","targetHints":{"allow":["GET"]}}],"collection":[{"href":"https:\/\/www.imelasavoie.fr\/index.php?rest_route=\/wp\/v2\/posts"}],"about":[{"href":"https:\/\/www.imelasavoie.fr\/index.php?rest_route=\/wp\/v2\/types\/post"}],"author":[{"embeddable":true,"href":"https:\/\/www.imelasavoie.fr\/index.php?rest_route=\/wp\/v2\/users\/10"}],"replies":[{"embeddable":true,"href":"https:\/\/www.imelasavoie.fr\/index.php?rest_route=%2Fwp%2Fv2%2Fcomments&post=29654"}],"version-history":[{"count":3,"href":"https:\/\/www.imelasavoie.fr\/index.php?rest_route=\/wp\/v2\/posts\/29654\/revisions"}],"predecessor-version":[{"id":29659,"href":"https:\/\/www.imelasavoie.fr\/index.php?rest_route=\/wp\/v2\/posts\/29654\/revisions\/29659"}],"wp:attachment":[{"href":"https:\/\/www.imelasavoie.fr\/index.php?rest_route=%2Fwp%2Fv2%2Fmedia&parent=29654"}],"wp:term":[{"taxonomy":"category","embeddable":true,"href":"https:\/\/www.imelasavoie.fr\/index.php?rest_route=%2Fwp%2Fv2%2Fcategories&post=29654"},{"taxonomy":"post_tag","embeddable":true,"href":"https:\/\/www.imelasavoie.fr\/index.php?rest_route=%2Fwp%2Fv2%2Ftags&post=29654"}],"curies":[{"name":"wp","href":"https:\/\/api.w.org\/{rel}","templated":true}]}}