{"id":29740,"date":"2025-05-10T15:35:02","date_gmt":"2025-05-10T13:35:02","guid":{"rendered":"https:\/\/www.imelasavoie.fr\/?p=29740"},"modified":"2025-05-10T15:35:02","modified_gmt":"2025-05-10T13:35:02","slug":"anniversaire-stacie-det2","status":"publish","type":"post","link":"https:\/\/www.imelasavoie.fr\/?p=29740","title":{"rendered":"Anniversaire Stacie det2"},"content":{"rendered":"\n<p>Jeudi 17 avril, nous avons f\u00eat\u00e9 mon anniversaire et j&rsquo;ai eu 17 ans! J&rsquo;ai invit\u00e9 M\u00e9lody et Sarah et on a mang\u00e9 des spaghettis \u00e0 la bolognaise. En dessert, les cuisiniers du groupe avaient pr\u00e9par\u00e9 des tartes au citron, on s&rsquo;est r\u00e9gal\u00e9 !!!! J&rsquo;ai eu pleins de cadeaux et il y a eu de la musique. Un grand Merci \u00e0 Vianney qui m&rsquo;a chant\u00e9 une chanson (SAYEN de SOOLKING ) et qui a g\u00e9r\u00e9 la musique comme un vrai DJ!!!<\/p>\n\n\n\n<p>Merci \u00e0 tous<\/p>\n\n\n\n<p><\/p>\n\n\n\n<p>Stacie<\/p>\n","protected":false},"excerpt":{"rendered":"<p>Jeudi 17 avril, nous avons f\u00eat\u00e9 mon anniversaire et j&rsquo;ai eu 17 ans! J&rsquo;ai invit\u00e9 M\u00e9lody et Sarah et on a mang\u00e9 des spaghettis \u00e0 la bolognaise. En dessert, les cuisiniers du groupe avaient pr\u00e9par\u00e9 des tartes au citron, on &hellip; <a href=\"https:\/\/www.imelasavoie.fr\/?p=29740\">Continuer la lecture <span class=\"meta-nav\">&rarr;<\/span><\/a><\/p>\n","protected":false},"author":24,"featured_media":0,"comment_status":"open","ping_status":"closed","sticky":false,"template":"","format":"standard","meta":{"footnotes":""},"categories":[62],"tags":[],"class_list":["post-29740","post","type-post","status-publish","format-standard","hentry","category-les-groupes-educatifs"],"_links":{"self":[{"href":"https:\/\/www.imelasavoie.fr\/index.php?rest_route=\/wp\/v2\/posts\/29740","targetHints":{"allow":["GET"]}}],"collection":[{"href":"https:\/\/www.imelasavoie.fr\/index.php?rest_route=\/wp\/v2\/posts"}],"about":[{"href":"https:\/\/www.imelasavoie.fr\/index.php?rest_route=\/wp\/v2\/types\/post"}],"author":[{"embeddable":true,"href":"https:\/\/www.imelasavoie.fr\/index.php?rest_route=\/wp\/v2\/users\/24"}],"replies":[{"embeddable":true,"href":"https:\/\/www.imelasavoie.fr\/index.php?rest_route=%2Fwp%2Fv2%2Fcomments&post=29740"}],"version-history":[{"count":3,"href":"https:\/\/www.imelasavoie.fr\/index.php?rest_route=\/wp\/v2\/posts\/29740\/revisions"}],"predecessor-version":[{"id":29978,"href":"https:\/\/www.imelasavoie.fr\/index.php?rest_route=\/wp\/v2\/posts\/29740\/revisions\/29978"}],"wp:attachment":[{"href":"https:\/\/www.imelasavoie.fr\/index.php?rest_route=%2Fwp%2Fv2%2Fmedia&parent=29740"}],"wp:term":[{"taxonomy":"category","embeddable":true,"href":"https:\/\/www.imelasavoie.fr\/index.php?rest_route=%2Fwp%2Fv2%2Fcategories&post=29740"},{"taxonomy":"post_tag","embeddable":true,"href":"https:\/\/www.imelasavoie.fr\/index.php?rest_route=%2Fwp%2Fv2%2Ftags&post=29740"}],"curies":[{"name":"wp","href":"https:\/\/api.w.org\/{rel}","templated":true}]}}