{"id":29813,"date":"2025-05-06T10:11:46","date_gmt":"2025-05-06T08:11:46","guid":{"rendered":"https:\/\/www.imelasavoie.fr\/?p=29813"},"modified":"2025-05-06T10:11:46","modified_gmt":"2025-05-06T08:11:46","slug":"je-raconte-mes-vacances","status":"publish","type":"post","link":"https:\/\/www.imelasavoie.fr\/?p=29813","title":{"rendered":"Je raconte mes vacances&#8230;"},"content":{"rendered":"Pendant les vacances je me suis promen\u00e9e avec ma m\u00e8re \u00e0 Nantua  jusqu&rsquo;\u00e0 Montreal &#8211; La -Cluse. Ensuite on est parti chez mon oncle on a mang\u00e9 des Kebabs avec toute ma famille et puis on a souhait\u00e9 l&rsquo; anniversaire de mon petit cousin. Dilara<br \/><br \/>Pendant ces vacances du lundi au mardi je suis all\u00e9 \u00e0 la Rochelle et  je suis all\u00e9 vers l&rsquo;oc\u00e9an atlantique et je suis all\u00e9 dans un h\u00f4tel qui s&rsquo;appelle B\u00e9b\u00e9 h\u00f4tel et je suis all\u00e9 dans un aquarium j&rsquo;ai fait plein de photos et je suis all\u00e9 au kfc aussi et apr\u00e8s je suis all\u00e9 au camping de la m\u00e9t\u00e9orite et j&rsquo;ai f\u00eat\u00e9 l\u2019anniversaire de ma s\u0153ur qui a eu 19 ans le 1er mai. Nathan <br \/><br \/>Pendant mes mois de repos je suis all\u00e9 au cin\u00e9ma all\u00e9 voir blanche neige avec ma cousine puis je suis all\u00e9 a Annecy faire du  shopping avec ma cousine puis nous sommes all\u00e9s chez Action  acheter un diamond paiting chacun puis  les autres jours  je suis all\u00e9 chez ma grand &#8211; m\u00e8re prendre le caf\u00e9 en famille puis le jour de p\u00e2ques j&rsquo;ai mang\u00e9 de la viande avec de la pur\u00e9e puis des patates puis des gratins de l\u00e9gumes. ( Nicolas)  <br \/><br \/>Pendant les vacances j&rsquo;ai \u00e9cout\u00e9 de la musique <br \/>j&rsquo;ai mang\u00e9 des gaufres au nutela j&rsquo;ai jou\u00e9 dehors avec les voisins. Noah ","protected":false},"excerpt":{"rendered":"<p>Pendant les vacances je me suis promen\u00e9e avec ma m\u00e8re \u00e0 Nantua jusqu&rsquo;\u00e0 Montreal &#8211; La -Cluse. Ensuite on est parti chez mon oncle on a mang\u00e9 des Kebabs avec toute ma famille et puis on a souhait\u00e9 l&rsquo; anniversaire &hellip; <a href=\"https:\/\/www.imelasavoie.fr\/?p=29813\">Continuer la lecture <span class=\"meta-nav\">&rarr;<\/span><\/a><\/p>\n","protected":false},"author":10,"featured_media":0,"comment_status":"open","ping_status":"closed","sticky":false,"template":"","format":"standard","meta":{"footnotes":""},"categories":[1],"tags":[],"class_list":["post-29813","post","type-post","status-publish","format-standard","hentry","category-non-classe"],"_links":{"self":[{"href":"https:\/\/www.imelasavoie.fr\/index.php?rest_route=\/wp\/v2\/posts\/29813","targetHints":{"allow":["GET"]}}],"collection":[{"href":"https:\/\/www.imelasavoie.fr\/index.php?rest_route=\/wp\/v2\/posts"}],"about":[{"href":"https:\/\/www.imelasavoie.fr\/index.php?rest_route=\/wp\/v2\/types\/post"}],"author":[{"embeddable":true,"href":"https:\/\/www.imelasavoie.fr\/index.php?rest_route=\/wp\/v2\/users\/10"}],"replies":[{"embeddable":true,"href":"https:\/\/www.imelasavoie.fr\/index.php?rest_route=%2Fwp%2Fv2%2Fcomments&post=29813"}],"version-history":[{"count":1,"href":"https:\/\/www.imelasavoie.fr\/index.php?rest_route=\/wp\/v2\/posts\/29813\/revisions"}],"predecessor-version":[{"id":29814,"href":"https:\/\/www.imelasavoie.fr\/index.php?rest_route=\/wp\/v2\/posts\/29813\/revisions\/29814"}],"wp:attachment":[{"href":"https:\/\/www.imelasavoie.fr\/index.php?rest_route=%2Fwp%2Fv2%2Fmedia&parent=29813"}],"wp:term":[{"taxonomy":"category","embeddable":true,"href":"https:\/\/www.imelasavoie.fr\/index.php?rest_route=%2Fwp%2Fv2%2Fcategories&post=29813"},{"taxonomy":"post_tag","embeddable":true,"href":"https:\/\/www.imelasavoie.fr\/index.php?rest_route=%2Fwp%2Fv2%2Ftags&post=29813"}],"curies":[{"name":"wp","href":"https:\/\/api.w.org\/{rel}","templated":true}]}}