{"id":29820,"date":"2025-05-09T09:46:34","date_gmt":"2025-05-09T07:46:34","guid":{"rendered":"https:\/\/www.imelasavoie.fr\/?p=29820"},"modified":"2025-05-09T09:46:34","modified_gmt":"2025-05-09T07:46:34","slug":"sortie-nature-marais-de-vaux","status":"publish","type":"post","link":"https:\/\/www.imelasavoie.fr\/?p=29820","title":{"rendered":"[Sortie nature] Marais de Vaux"},"content":{"rendered":"\n<p>Mercredi 7 mai, nous sommes all\u00e9s nous promener dans le marais de Vaux avec deux animatrices du CNS (conservatoire naturel sensible). Le marais de Vaux fait partie des \u00ab\u00a0espaces naturels sensibles\u00a0\u00bb de la r\u00e9gion Auvergne Rh\u00f4ne Alpes.<\/p>\n\n\n\n<p>Nous avons retrouv\u00e9 les animatrices, S\u00e9verine et Chlo\u00e9, au bout du chemin des pilotis \u00e0 c\u00f4t\u00e9 de la cabane des chevaux. Merci \u00e0 Baki de nous avoir emmen\u00e9 en bus.<\/p>\n\n\n\n<figure class=\"wp-block-image size-large is-resized\"><a href=\"https:\/\/www.imelasavoie.fr\/wp-content\/uploads\/2025\/05\/IMG_20250507_095229.jpg-scaled.jpg\"><img loading=\"lazy\" decoding=\"async\" width=\"1024\" height=\"768\" src=\"https:\/\/www.imelasavoie.fr\/wp-content\/uploads\/2025\/05\/IMG_20250507_095229.jpg-1024x768.jpg\" alt=\"\" class=\"wp-image-29822\" style=\"width:377px;height:auto\" srcset=\"https:\/\/www.imelasavoie.fr\/wp-content\/uploads\/2025\/05\/IMG_20250507_095229.jpg-1024x768.jpg 1024w, https:\/\/www.imelasavoie.fr\/wp-content\/uploads\/2025\/05\/IMG_20250507_095229.jpg-300x225.jpg 300w, https:\/\/www.imelasavoie.fr\/wp-content\/uploads\/2025\/05\/IMG_20250507_095229.jpg-768x576.jpg 768w, https:\/\/www.imelasavoie.fr\/wp-content\/uploads\/2025\/05\/IMG_20250507_095229.jpg-1536x1152.jpg 1536w, https:\/\/www.imelasavoie.fr\/wp-content\/uploads\/2025\/05\/IMG_20250507_095229.jpg-2048x1536.jpg 2048w\" sizes=\"auto, (max-width: 1024px) 100vw, 1024px\" \/><\/a><\/figure>\n\n\n\n<p>Il pleuvait et nous avons profit\u00e9 de la cabane pour nous mettre \u00e0 l&rsquo;abri. Nous avons fait une premi\u00e8re activit\u00e9 de reconnaissance des animaux et des plantes du marais. S\u00e9verine nous a aussi chant\u00e9 une chanson d&rsquo;Aldebert sur la nature avec son ukul\u00e9l\u00e9.<\/p>\n\n\n\n<figure class=\"wp-block-embed is-type-video is-provider-youtube wp-block-embed-youtube wp-embed-aspect-16-9 wp-has-aspect-ratio\"><div class=\"wp-block-embed__wrapper\">\n<iframe loading=\"lazy\" title=\"Aldebert  - Madame Nature (Paroles\/Lyrics)\" width=\"640\" height=\"360\" src=\"https:\/\/www.youtube.com\/embed\/If774Tq8NlU?feature=oembed\" frameborder=\"0\" allow=\"accelerometer; autoplay; clipboard-write; encrypted-media; gyroscope; picture-in-picture; web-share\" referrerpolicy=\"strict-origin-when-cross-origin\" allowfullscreen><\/iframe>\n<\/div><\/figure>\n\n\n\n<p>La pluie s&rsquo;est calm\u00e9e et nous avons travers\u00e9 le chemin des pilotis pour observer diff\u00e9rentes plantes dont les roseaux qui jouent un r\u00f4le important pour la sant\u00e9 du marais.<\/p>\n\n\n\n<p>Voici quelques esp\u00e8ces que l&rsquo;on a observ\u00e9 (en direct ou en photos): les roseaux, les libellules et les demoiselles, des papillons, des foulques, des tarpans, des grenouilles et des crapauds, &#8230;<\/p>\n\n\n\n<p>Nous avons fait plusieurs activit\u00e9s pendant la matin\u00e9e, comme par exemple chercher des \u00e9l\u00e9ments de la nature en lien avec des couleurs particuli\u00e8res.<\/p>\n\n\n\n<figure class=\"wp-block-image size-large\"><a href=\"https:\/\/www.imelasavoie.fr\/wp-content\/uploads\/2025\/05\/IMG_20250507_103655.jpg-scaled.jpg\"><img loading=\"lazy\" decoding=\"async\" width=\"1024\" height=\"768\" src=\"https:\/\/www.imelasavoie.fr\/wp-content\/uploads\/2025\/05\/IMG_20250507_103655.jpg-1024x768.jpg\" alt=\"\" class=\"wp-image-29821\" srcset=\"https:\/\/www.imelasavoie.fr\/wp-content\/uploads\/2025\/05\/IMG_20250507_103655.jpg-1024x768.jpg 1024w, https:\/\/www.imelasavoie.fr\/wp-content\/uploads\/2025\/05\/IMG_20250507_103655.jpg-300x225.jpg 300w, https:\/\/www.imelasavoie.fr\/wp-content\/uploads\/2025\/05\/IMG_20250507_103655.jpg-768x576.jpg 768w, https:\/\/www.imelasavoie.fr\/wp-content\/uploads\/2025\/05\/IMG_20250507_103655.jpg-1536x1152.jpg 1536w, https:\/\/www.imelasavoie.fr\/wp-content\/uploads\/2025\/05\/IMG_20250507_103655.jpg-2048x1536.jpg 2048w\" sizes=\"auto, (max-width: 1024px) 100vw, 1024px\" \/><\/a><\/figure>\n\n\n\n<p>Nous avons retenu que le marais est un lieu pour la biodiversit\u00e9 (garder de nombreuses esp\u00e8ces rares), et qu&rsquo;il joue un r\u00f4le tr\u00e8s important \u00ab\u00a0d&rsquo;\u00e9ponge et de filtre\u00a0\u00bb!<\/p>\n\n\n\n<p>Voici une vid\u00e9o qui explique les travaux effectu\u00e9s depuis quelques ann\u00e9es pour restaurer ce marais:<\/p>\n\n\n\n<figure class=\"wp-block-embed is-type-video is-provider-youtube wp-block-embed-youtube wp-embed-aspect-16-9 wp-has-aspect-ratio\"><div class=\"wp-block-embed__wrapper\">\n<iframe loading=\"lazy\" title=\"Restaurer le Marais de Vaux - Film entier - 2021\" width=\"640\" height=\"360\" src=\"https:\/\/www.youtube.com\/embed\/j2xl6vOcDi4?feature=oembed\" frameborder=\"0\" allow=\"accelerometer; autoplay; clipboard-write; encrypted-media; gyroscope; picture-in-picture; web-share\" referrerpolicy=\"strict-origin-when-cross-origin\" allowfullscreen><\/iframe>\n<\/div><\/figure>\n\n\n\n<p>Les classes Dinamos<\/p>\n","protected":false},"excerpt":{"rendered":"<p>Mercredi 7 mai, nous sommes all\u00e9s nous promener dans le marais de Vaux avec deux animatrices du CNS (conservatoire naturel sensible). Le marais de Vaux fait partie des \u00ab\u00a0espaces naturels sensibles\u00a0\u00bb de la r\u00e9gion Auvergne Rh\u00f4ne Alpes. Nous avons retrouv\u00e9 &hellip; <a href=\"https:\/\/www.imelasavoie.fr\/?p=29820\">Continuer la lecture <span class=\"meta-nav\">&rarr;<\/span><\/a><\/p>\n","protected":false},"author":13,"featured_media":0,"comment_status":"open","ping_status":"closed","sticky":false,"template":"","format":"standard","meta":{"footnotes":""},"categories":[1],"tags":[],"class_list":["post-29820","post","type-post","status-publish","format-standard","hentry","category-non-classe"],"_links":{"self":[{"href":"https:\/\/www.imelasavoie.fr\/index.php?rest_route=\/wp\/v2\/posts\/29820","targetHints":{"allow":["GET"]}}],"collection":[{"href":"https:\/\/www.imelasavoie.fr\/index.php?rest_route=\/wp\/v2\/posts"}],"about":[{"href":"https:\/\/www.imelasavoie.fr\/index.php?rest_route=\/wp\/v2\/types\/post"}],"author":[{"embeddable":true,"href":"https:\/\/www.imelasavoie.fr\/index.php?rest_route=\/wp\/v2\/users\/13"}],"replies":[{"embeddable":true,"href":"https:\/\/www.imelasavoie.fr\/index.php?rest_route=%2Fwp%2Fv2%2Fcomments&post=29820"}],"version-history":[{"count":1,"href":"https:\/\/www.imelasavoie.fr\/index.php?rest_route=\/wp\/v2\/posts\/29820\/revisions"}],"predecessor-version":[{"id":29823,"href":"https:\/\/www.imelasavoie.fr\/index.php?rest_route=\/wp\/v2\/posts\/29820\/revisions\/29823"}],"wp:attachment":[{"href":"https:\/\/www.imelasavoie.fr\/index.php?rest_route=%2Fwp%2Fv2%2Fmedia&parent=29820"}],"wp:term":[{"taxonomy":"category","embeddable":true,"href":"https:\/\/www.imelasavoie.fr\/index.php?rest_route=%2Fwp%2Fv2%2Fcategories&post=29820"},{"taxonomy":"post_tag","embeddable":true,"href":"https:\/\/www.imelasavoie.fr\/index.php?rest_route=%2Fwp%2Fv2%2Ftags&post=29820"}],"curies":[{"name":"wp","href":"https:\/\/api.w.org\/{rel}","templated":true}]}}