{"id":29973,"date":"2025-05-21T15:14:04","date_gmt":"2025-05-21T13:14:04","guid":{"rendered":"https:\/\/www.imelasavoie.fr\/?p=29973"},"modified":"2025-05-22T09:53:15","modified_gmt":"2025-05-22T07:53:15","slug":"projet-astronomie-repas-partage-sur-le-groupe-accueil","status":"publish","type":"post","link":"https:\/\/www.imelasavoie.fr\/?p=29973","title":{"rendered":"[Projet astronomie] Repas partag\u00e9 sur le groupe accueil"},"content":{"rendered":"\n<p>En ce printemps 2025, c&rsquo;\u00e9tait la finalisation du projet astronomie. <\/p>\n\n\n\n<p>Ce projet sciences est n\u00e9 au sein de la classe Mandela 2 suite \u00e0 un visionnage d&rsquo;un reportage sur Arte Journal junior en octobre 2024. <\/p>\n\n\n\n<p>6 mois plus tard, le projet se concr\u00e9tisait avec un programme all\u00e9chant :<\/p>\n\n\n\n<ul class=\"wp-block-list\">\n<li>s\u00e9ances d&rsquo;observation en soir\u00e9es \u00e0 l&rsquo;observatoire de la L\u00e8be<\/li>\n\n\n\n<li>S\u00e9ance en classe avec un travail sur ce qu&rsquo;est une plan\u00e8te, une \u00e9toile et sur notre syst\u00e8me solaire<\/li>\n\n\n\n<li>S\u00e9ance \u00e0 l&rsquo;observatoire de la L\u00e8be pour comprendre le fonctionnement des saisons<\/li>\n\n\n\n<li>S\u00e9ances de plan\u00e9tarium pour des voyages dans notre univers<\/li>\n\n\n\n<li>S\u00e9ance de technologie avec la construction de micro-fus\u00e9es<\/li>\n<\/ul>\n\n\n\n<p>Pour des raisons ind\u00e9pendantes de notre volont\u00e9, les s\u00e9ances d&rsquo;observation du ciel en soir\u00e9es \u00e0 l&rsquo;observatoire n&rsquo;ont pu \u00eatre r\u00e9alis\u00e9es. La m\u00e9t\u00e9o ainsi que des contraintes ext\u00e9rieures sont venues perturber le d\u00e9roul\u00e9 de notre programme initial.<\/p>\n\n\n\n<p>Les s\u00e9ances d&rsquo;observation du ciel en soir\u00e9es \u00e0 l&rsquo;observatoire seront reprogramm\u00e9es \u00e0 l&rsquo;automne 2025 car le soleil se couchant de plus en plus tard, les conditions de r\u00e9alisation de ces soir\u00e9es ne sont plus optimales.<\/p>\n\n\n\n<p>Rendez-vous \u00e0 l&rsquo;automne 2025 donc !<\/p>\n\n\n\n<p>Ceci dit, cela ne nous a pas emp\u00each\u00e9 de faire un chouette repas avec les \u00e9l\u00e8ves concern\u00e9s par le projet sur le groupe accueil !!! <\/p>\n\n\n\n<p>Super repas partag\u00e9 et r\u00e9alis\u00e9 par les jeunes dont vous trouverez les photos ci-dessous !<\/p>\n\n\n\n<figure class=\"wp-block-image size-large\"><a href=\"https:\/\/www.imelasavoie.fr\/wp-content\/uploads\/2025\/05\/IMG_20250403_184248-scaled.jpg\"><img loading=\"lazy\" decoding=\"async\" width=\"768\" height=\"1024\" src=\"https:\/\/www.imelasavoie.fr\/wp-content\/uploads\/2025\/05\/IMG_20250403_184248-768x1024.jpg\" alt=\"\" class=\"wp-image-29825\" srcset=\"https:\/\/www.imelasavoie.fr\/wp-content\/uploads\/2025\/05\/IMG_20250403_184248-768x1024.jpg 768w, https:\/\/www.imelasavoie.fr\/wp-content\/uploads\/2025\/05\/IMG_20250403_184248-225x300.jpg 225w, https:\/\/www.imelasavoie.fr\/wp-content\/uploads\/2025\/05\/IMG_20250403_184248-1152x1536.jpg 1152w, https:\/\/www.imelasavoie.fr\/wp-content\/uploads\/2025\/05\/IMG_20250403_184248-1536x2048.jpg 1536w, https:\/\/www.imelasavoie.fr\/wp-content\/uploads\/2025\/05\/IMG_20250403_184248-scaled.jpg 1920w\" sizes=\"auto, (max-width: 768px) 100vw, 768px\" \/><\/a><\/figure>\n\n\n\n<figure class=\"wp-block-image size-large\"><a href=\"https:\/\/www.imelasavoie.fr\/wp-content\/uploads\/2025\/05\/IMG_20250403_184308-scaled.jpg\"><img loading=\"lazy\" decoding=\"async\" width=\"768\" height=\"1024\" src=\"https:\/\/www.imelasavoie.fr\/wp-content\/uploads\/2025\/05\/IMG_20250403_184308-768x1024.jpg\" alt=\"\" class=\"wp-image-29827\" srcset=\"https:\/\/www.imelasavoie.fr\/wp-content\/uploads\/2025\/05\/IMG_20250403_184308-768x1024.jpg 768w, https:\/\/www.imelasavoie.fr\/wp-content\/uploads\/2025\/05\/IMG_20250403_184308-225x300.jpg 225w, https:\/\/www.imelasavoie.fr\/wp-content\/uploads\/2025\/05\/IMG_20250403_184308-1152x1536.jpg 1152w, https:\/\/www.imelasavoie.fr\/wp-content\/uploads\/2025\/05\/IMG_20250403_184308-1536x2048.jpg 1536w, https:\/\/www.imelasavoie.fr\/wp-content\/uploads\/2025\/05\/IMG_20250403_184308-scaled.jpg 1920w\" sizes=\"auto, (max-width: 768px) 100vw, 768px\" \/><\/a><\/figure>\n\n\n\n<figure class=\"wp-block-image size-large\"><a href=\"https:\/\/www.imelasavoie.fr\/wp-content\/uploads\/2025\/05\/IMG_20250403_190132-scaled.jpg\"><img loading=\"lazy\" decoding=\"async\" width=\"1024\" height=\"768\" src=\"https:\/\/www.imelasavoie.fr\/wp-content\/uploads\/2025\/05\/IMG_20250403_190132-1024x768.jpg\" alt=\"\" class=\"wp-image-29828\" srcset=\"https:\/\/www.imelasavoie.fr\/wp-content\/uploads\/2025\/05\/IMG_20250403_190132-1024x768.jpg 1024w, https:\/\/www.imelasavoie.fr\/wp-content\/uploads\/2025\/05\/IMG_20250403_190132-300x225.jpg 300w, https:\/\/www.imelasavoie.fr\/wp-content\/uploads\/2025\/05\/IMG_20250403_190132-768x576.jpg 768w, https:\/\/www.imelasavoie.fr\/wp-content\/uploads\/2025\/05\/IMG_20250403_190132-1536x1152.jpg 1536w, https:\/\/www.imelasavoie.fr\/wp-content\/uploads\/2025\/05\/IMG_20250403_190132-2048x1536.jpg 2048w\" sizes=\"auto, (max-width: 1024px) 100vw, 1024px\" \/><\/a><\/figure>\n\n\n\n<figure class=\"wp-block-image size-large\"><a href=\"https:\/\/www.imelasavoie.fr\/wp-content\/uploads\/2025\/05\/IMG_20250403_190142-scaled.jpg\"><img loading=\"lazy\" decoding=\"async\" width=\"1024\" height=\"768\" src=\"https:\/\/www.imelasavoie.fr\/wp-content\/uploads\/2025\/05\/IMG_20250403_190142-1024x768.jpg\" alt=\"\" class=\"wp-image-29829\" srcset=\"https:\/\/www.imelasavoie.fr\/wp-content\/uploads\/2025\/05\/IMG_20250403_190142-1024x768.jpg 1024w, https:\/\/www.imelasavoie.fr\/wp-content\/uploads\/2025\/05\/IMG_20250403_190142-300x225.jpg 300w, https:\/\/www.imelasavoie.fr\/wp-content\/uploads\/2025\/05\/IMG_20250403_190142-768x576.jpg 768w, https:\/\/www.imelasavoie.fr\/wp-content\/uploads\/2025\/05\/IMG_20250403_190142-1536x1152.jpg 1536w, https:\/\/www.imelasavoie.fr\/wp-content\/uploads\/2025\/05\/IMG_20250403_190142-2048x1536.jpg 2048w\" sizes=\"auto, (max-width: 1024px) 100vw, 1024px\" \/><\/a><\/figure>\n\n\n\n<p class=\"has-text-align-center\">Laurent Lan\u00e7on <\/p>\n","protected":false},"excerpt":{"rendered":"<p>En ce printemps 2025, c&rsquo;\u00e9tait la finalisation du projet astronomie. Ce projet sciences est n\u00e9 au sein de la classe Mandela 2 suite \u00e0 un visionnage d&rsquo;un reportage sur Arte Journal junior en octobre 2024. 6 mois plus tard, le &hellip; <a href=\"https:\/\/www.imelasavoie.fr\/?p=29973\">Continuer la lecture <span class=\"meta-nav\">&rarr;<\/span><\/a><\/p>\n","protected":false},"author":1,"featured_media":0,"comment_status":"open","ping_status":"closed","sticky":false,"template":"","format":"standard","meta":{"footnotes":""},"categories":[63,56,62,58],"tags":[],"class_list":["post-29973","post","type-post","status-publish","format-standard","hentry","category-groupe-accueil","category-les-classes-et-ateliers","category-les-groupes-educatifs","category-mandela2"],"_links":{"self":[{"href":"https:\/\/www.imelasavoie.fr\/index.php?rest_route=\/wp\/v2\/posts\/29973","targetHints":{"allow":["GET"]}}],"collection":[{"href":"https:\/\/www.imelasavoie.fr\/index.php?rest_route=\/wp\/v2\/posts"}],"about":[{"href":"https:\/\/www.imelasavoie.fr\/index.php?rest_route=\/wp\/v2\/types\/post"}],"author":[{"embeddable":true,"href":"https:\/\/www.imelasavoie.fr\/index.php?rest_route=\/wp\/v2\/users\/1"}],"replies":[{"embeddable":true,"href":"https:\/\/www.imelasavoie.fr\/index.php?rest_route=%2Fwp%2Fv2%2Fcomments&post=29973"}],"version-history":[{"count":4,"href":"https:\/\/www.imelasavoie.fr\/index.php?rest_route=\/wp\/v2\/posts\/29973\/revisions"}],"predecessor-version":[{"id":30019,"href":"https:\/\/www.imelasavoie.fr\/index.php?rest_route=\/wp\/v2\/posts\/29973\/revisions\/30019"}],"wp:attachment":[{"href":"https:\/\/www.imelasavoie.fr\/index.php?rest_route=%2Fwp%2Fv2%2Fmedia&parent=29973"}],"wp:term":[{"taxonomy":"category","embeddable":true,"href":"https:\/\/www.imelasavoie.fr\/index.php?rest_route=%2Fwp%2Fv2%2Fcategories&post=29973"},{"taxonomy":"post_tag","embeddable":true,"href":"https:\/\/www.imelasavoie.fr\/index.php?rest_route=%2Fwp%2Fv2%2Ftags&post=29973"}],"curies":[{"name":"wp","href":"https:\/\/api.w.org\/{rel}","templated":true}]}}