{"id":30180,"date":"2025-07-02T14:04:20","date_gmt":"2025-07-02T12:04:20","guid":{"rendered":"https:\/\/www.imelasavoie.fr\/?p=30180"},"modified":"2025-07-04T09:54:21","modified_gmt":"2025-07-04T07:54:21","slug":"texte-libre-libre-jour-de-departs-en-mandela-2","status":"publish","type":"post","link":"https:\/\/www.imelasavoie.fr\/?p=30180","title":{"rendered":"[Texte libre libre] Jour de d\u00e9parts en Mandela 2"},"content":{"rendered":"\n<p>Mercredi 2 juillet, c\u2019est notre dernier jour au coll\u00e8ge dans la classe Mandela 2 de Monsieur Lan\u00e7on.<\/p>\n\n\n\n<p>Nolan&nbsp;: <em>Je me rappellerai toute ma vie des bons moments pass\u00e9s dans cette classe. Quand je suis arriv\u00e9, j\u2019\u00e9tais un peu timide. J\u2019avais peur car c\u2019\u00e9tait la premi\u00e8re fois dans un coll\u00e8ge. J\u2019avais peur de me perdre. Au d\u00e9but, je n\u2019\u00e9tais pas bien \u00e0 cause du stress. Aujourd\u2019hui, je suis triste de quitter la classe et Monsieur Lan\u00e7on. Je retiens le projet \u00ab&nbsp;astronomie&nbsp;\u00bb et le lancement des micro-fus\u00e9es. C\u2019\u00e9tait \u00ab&nbsp;m\u00e9ga trop bien&nbsp;\u00bb.<\/em><\/p>\n\n\n\n<p>Manon&nbsp;: <em>\u00c7a me fait bizarre de quitter la classe Mandela 2 et Monsieur Lan\u00e7on. \u00c7a me donne envie de pleurer. La classe va me manquer. Le travail que j\u2019ai fait pendant 3 ans\u2026 J\u2019en suis tr\u00e8s fi\u00e8re. Quand je suis arriv\u00e9e dans cette classe c\u2019\u00e9tait compliqu\u00e9. J\u2019\u00e9tais tr\u00e8s enfant et je manquais de confiance en moi. Aujourd\u2019hui, j\u2019ai chang\u00e9. Je me sens mieux dans le travail. Je suis plus en confiance. Je suis plus heureuse.<\/em><\/p>\n\n\n\n<p>Ahmet-Emin&nbsp;: <em>Moi, de changer de classe, \u00e7a ne me fait rien. J\u2019ai aucune \u00e9motion en moi. Avant d\u2019arriver dans la classe Mandela 2 de Monsieur Lan\u00e7on j\u2019\u00e9tais agit\u00e9. J\u2019avais plein d\u2019histoires \u00e0 Condamine et Montr\u00e9al la cluse. J\u2019avais que 3 amis. J\u2019\u00e9tais moyennement heureux. Aujourd\u2019hui, j\u2019ai beaucoup chang\u00e9. Je suis beaucoup plus calme, j\u2019ai beaucoup d\u2019amis. Je ne m\u2019ennuie plus aujourd\u2019hui. J\u2019ai beaucoup progress\u00e9 en classe. Je suis un peu fier de moi. L\u2019ann\u00e9e prochaine, je serai en classe Dinamo ou en classe Cecof. Je ne sais pas encore mais je suis s\u00fbr de rester en atelier cuisine.<\/em><\/p>\n\n\n\n<p>Math\u00e9o H: <em>\u00c7a ne me fait rien de quitter la classe. J&rsquo;ai bien progress\u00e9 pendant 3 ans dans la classe Mandela 2 de Monsieur Lan\u00e7on. Je suis content de partir pour \u00eatre dans une classe avec des plus grands. Je n&rsquo;ai pas forc\u00e9ment envie de me souvenir comment j&rsquo;\u00e9tais avant. C&rsquo;est du pass\u00e9. C&rsquo;est derri\u00e8re. Aujourd&rsquo;hui, je suis mieux dans ma peau et c&rsquo;est le plus important.<\/em><\/p>\n\n\n\n<p>Monsieur Lan\u00e7on: <em>Moi aussi, \u00e7a me fait bizarre. Comme \u00e0 chaque fois. Et je me souviens de tous les moments v\u00e9cus ensemble. Je me souviens de l&rsquo;arriv\u00e9e de Manon un jour de juin, il y a 3 ans. Je me souviens de cette rencontre sur la falaise d&rsquo;Hauteville sur cette s\u00e9ance d&rsquo;escalade. Nous ne nous connaissions pas et tu m&rsquo;avais fait confiance. Tu m&rsquo;avais accord\u00e9 ta confiance pour faire l&rsquo;activit\u00e9 sans m\u00eame me conna\u00eetre&#8230; Je t&rsquo;avais alors remerci\u00e9 de cette confiance accord\u00e9e. C&rsquo;\u00e9tait le d\u00e9but de notre travail ensemble. <\/em><\/p>\n\n\n\n<p><em>Trois ans plus tard&#8230; Quelle \u00e9volution ! Fruit d&rsquo;un travail collectif important. Nous avons bien travaill\u00e9 Manon. <\/em><\/p>\n\n\n\n<p><em>Je dirai la m\u00eame chose pour Nolan, Math\u00e9o ou Ahmet-Emin. Pour chacun des \u00e9l\u00e8ves qui sont pass\u00e9s dans mes diff\u00e9rentes classes \u00e9videmment.<\/em><\/p>\n\n\n\n<p><em>Mon m\u00e9tier d&rsquo;enseignant, je le vois comme celui d&rsquo;un jardinier. Nous semons. Nous semons \u00e0 tout va, partout, tout le temps en essayant de r\u00e9parer l&rsquo;environnement souvent mal en point, de rendre le jardin fertile, d&rsquo;enrichir partout. On cr\u00e9e les conditions pour faire pousser et tendre vers l&rsquo;\u00e9mancipation des esprits. On fait grandir l&rsquo;autonomie, on renforce les langages qu&rsquo;ils soient math\u00e9matiques, oral, \u00e9crit, corporel, dessin&#8230; Il y en a tant !<\/em><\/p>\n\n\n\n<p><em>On encourage, on r\u00e9conforte, on remobilise, on rassure, on s&rsquo;adapte et on adapte, on accompagne, on guide, on observe&#8230; Nous sommes l\u00e0, \u00e0 c\u00f4t\u00e9. Pas devant. Pas derri\u00e8re. Juste \u00e0 c\u00f4t\u00e9, \u00e0 vos c\u00f4t\u00e9s sur vos chemins singuliers. C&rsquo;est vous qui avancer et d\u00e9fricher vos sentiers singuliers. On est l\u00e0, t\u00e9moins privil\u00e9gi\u00e9s de vos \u00e9volutions et des pages que vous tourner. Vous vous \u00e9mancipez petit \u00e0 petit et devenez acteurs de vos vies. C&rsquo;est ce que nous vous souhaitons \u00e0 tous profond\u00e9ment. <\/em><\/p>\n\n\n\n<p><em>Que vous soyez acteurs de vos vies. <\/em><\/p>\n\n\n\n<p><em>Que vous d\u00e9cidiez par vous m\u00eame, pour vous m\u00eame. <\/em><\/p>\n\n\n\n<p><em>Nous avons de la chance de travailler \u00e0 vos c\u00f4t\u00e9s et quand vous partez de la classe, c&rsquo;est un petit bout de mosa\u00efque de la classe qui s&rsquo;en va. Vous partez avec un petit bout de la classe que vous garderez toujours en vous. <\/em><\/p>\n\n\n\n<p><em>Je suis heureux d&rsquo;avoir \u00e9t\u00e9 votre enseignant pendant 3 ans et je suis tr\u00e8s fier de vos \u00e9volutions. <\/em><\/p>\n\n\n\n<p><em>Chaque mois, je re\u00e7ois un salaire pour le travail que j&rsquo;effectue au quotidien en classe mais chaque jour je re\u00e7ois aussi un autre salaire. Un salaire qui n&rsquo;a pas de prix<\/em>. <\/p>\n\n\n\n<p><em>Celui de vous avoir accompagn\u00e9 pendant des ann\u00e9es.<\/em><\/p>\n\n\n\n<p><em>Je vous souhaite le meilleur les jeunes. Ne l\u00e2chez rien !<\/em> <\/p>\n\n\n\n<p class=\"has-text-align-center\"><em>TOUS CAPABLES !<\/em><\/p>\n\n\n\n<figure class=\"wp-block-image size-large\"><a href=\"https:\/\/www.imelasavoie.fr\/wp-content\/uploads\/2025\/07\/IMG-20250702-WA0000.jpg\"><img loading=\"lazy\" decoding=\"async\" width=\"768\" height=\"1024\" src=\"https:\/\/www.imelasavoie.fr\/wp-content\/uploads\/2025\/07\/IMG-20250702-WA0000-768x1024.jpg\" alt=\"\" class=\"wp-image-30187\" srcset=\"https:\/\/www.imelasavoie.fr\/wp-content\/uploads\/2025\/07\/IMG-20250702-WA0000-768x1024.jpg 768w, https:\/\/www.imelasavoie.fr\/wp-content\/uploads\/2025\/07\/IMG-20250702-WA0000-225x300.jpg 225w, https:\/\/www.imelasavoie.fr\/wp-content\/uploads\/2025\/07\/IMG-20250702-WA0000-1152x1536.jpg 1152w, https:\/\/www.imelasavoie.fr\/wp-content\/uploads\/2025\/07\/IMG-20250702-WA0000.jpg 1536w\" sizes=\"auto, (max-width: 768px) 100vw, 768px\" \/><\/a><\/figure>\n","protected":false},"excerpt":{"rendered":"<p>Mercredi 2 juillet, c\u2019est notre dernier jour au coll\u00e8ge dans la classe Mandela 2 de Monsieur Lan\u00e7on. Nolan&nbsp;: Je me rappellerai toute ma vie des bons moments pass\u00e9s dans cette classe. Quand je suis arriv\u00e9, j\u2019\u00e9tais un peu timide. J\u2019avais &hellip; <a href=\"https:\/\/www.imelasavoie.fr\/?p=30180\">Continuer la lecture <span class=\"meta-nav\">&rarr;<\/span><\/a><\/p>\n","protected":false},"author":1,"featured_media":0,"comment_status":"open","ping_status":"closed","sticky":false,"template":"","format":"standard","meta":{"footnotes":""},"categories":[56,58],"tags":[],"class_list":["post-30180","post","type-post","status-publish","format-standard","hentry","category-les-classes-et-ateliers","category-mandela2"],"_links":{"self":[{"href":"https:\/\/www.imelasavoie.fr\/index.php?rest_route=\/wp\/v2\/posts\/30180","targetHints":{"allow":["GET"]}}],"collection":[{"href":"https:\/\/www.imelasavoie.fr\/index.php?rest_route=\/wp\/v2\/posts"}],"about":[{"href":"https:\/\/www.imelasavoie.fr\/index.php?rest_route=\/wp\/v2\/types\/post"}],"author":[{"embeddable":true,"href":"https:\/\/www.imelasavoie.fr\/index.php?rest_route=\/wp\/v2\/users\/1"}],"replies":[{"embeddable":true,"href":"https:\/\/www.imelasavoie.fr\/index.php?rest_route=%2Fwp%2Fv2%2Fcomments&post=30180"}],"version-history":[{"count":12,"href":"https:\/\/www.imelasavoie.fr\/index.php?rest_route=\/wp\/v2\/posts\/30180\/revisions"}],"predecessor-version":[{"id":30305,"href":"https:\/\/www.imelasavoie.fr\/index.php?rest_route=\/wp\/v2\/posts\/30180\/revisions\/30305"}],"wp:attachment":[{"href":"https:\/\/www.imelasavoie.fr\/index.php?rest_route=%2Fwp%2Fv2%2Fmedia&parent=30180"}],"wp:term":[{"taxonomy":"category","embeddable":true,"href":"https:\/\/www.imelasavoie.fr\/index.php?rest_route=%2Fwp%2Fv2%2Fcategories&post=30180"},{"taxonomy":"post_tag","embeddable":true,"href":"https:\/\/www.imelasavoie.fr\/index.php?rest_route=%2Fwp%2Fv2%2Ftags&post=30180"}],"curies":[{"name":"wp","href":"https:\/\/api.w.org\/{rel}","templated":true}]}}