{"id":30268,"date":"2025-07-03T21:19:10","date_gmt":"2025-07-03T19:19:10","guid":{"rendered":"https:\/\/www.imelasavoie.fr\/?p=30268"},"modified":"2025-07-03T21:19:27","modified_gmt":"2025-07-03T19:19:27","slug":"charte-des-droits-des-enfants","status":"publish","type":"post","link":"https:\/\/www.imelasavoie.fr\/?p=30268","title":{"rendered":"Charte des droits des enfants"},"content":{"rendered":"\n<p>R\u00e9alis\u00e9e cette ann\u00e9e par les jeunes de l&rsquo;atelier \u00ab\u00a0centre social et culturel\u00a0\u00bb des mercredis apr\u00e8s-midis, voici une suggestion de mise en images de la Charte des droits des enfants, en tenant compte du fait que tous les droits ne sont pas repr\u00e9sent\u00e9s et que ce sont les jeunes eux-m\u00eames qui ont s\u00e9lectionn\u00e9 ceux qui r\u00e9sonnent le plus pour eux. <\/p>\n\n\n\n<figure class=\"wp-block-image size-large\"><a href=\"https:\/\/www.imelasavoie.fr\/wp-content\/uploads\/2025\/07\/processed-D166CD3F-006D-4949-9847-064D5439E62F.jpeg\"><img loading=\"lazy\" decoding=\"async\" width=\"768\" height=\"1024\" src=\"https:\/\/www.imelasavoie.fr\/wp-content\/uploads\/2025\/07\/processed-D166CD3F-006D-4949-9847-064D5439E62F-768x1024.jpeg\" alt=\"\" class=\"wp-image-30270\" srcset=\"https:\/\/www.imelasavoie.fr\/wp-content\/uploads\/2025\/07\/processed-D166CD3F-006D-4949-9847-064D5439E62F-768x1023.jpeg 768w, https:\/\/www.imelasavoie.fr\/wp-content\/uploads\/2025\/07\/processed-D166CD3F-006D-4949-9847-064D5439E62F-225x300.jpeg 225w, https:\/\/www.imelasavoie.fr\/wp-content\/uploads\/2025\/07\/processed-D166CD3F-006D-4949-9847-064D5439E62F-1153x1536.jpeg 1153w, https:\/\/www.imelasavoie.fr\/wp-content\/uploads\/2025\/07\/processed-D166CD3F-006D-4949-9847-064D5439E62F-1537x2048.jpeg 1537w, https:\/\/www.imelasavoie.fr\/wp-content\/uploads\/2025\/07\/processed-D166CD3F-006D-4949-9847-064D5439E62F.jpeg 1816w\" sizes=\"auto, (max-width: 768px) 100vw, 768px\" \/><\/a><\/figure>\n","protected":false},"excerpt":{"rendered":"<p>R\u00e9alis\u00e9e cette ann\u00e9e par les jeunes de l&rsquo;atelier \u00ab\u00a0centre social et culturel\u00a0\u00bb des mercredis apr\u00e8s-midis, voici une suggestion de mise en images de la Charte des droits des enfants, en tenant compte du fait que tous les droits ne sont &hellip; <a href=\"https:\/\/www.imelasavoie.fr\/?p=30268\">Continuer la lecture <span class=\"meta-nav\">&rarr;<\/span><\/a><\/p>\n","protected":false},"author":21,"featured_media":0,"comment_status":"open","ping_status":"closed","sticky":false,"template":"","format":"standard","meta":{"footnotes":""},"categories":[63],"tags":[],"class_list":["post-30268","post","type-post","status-publish","format-standard","hentry","category-groupe-accueil"],"_links":{"self":[{"href":"https:\/\/www.imelasavoie.fr\/index.php?rest_route=\/wp\/v2\/posts\/30268","targetHints":{"allow":["GET"]}}],"collection":[{"href":"https:\/\/www.imelasavoie.fr\/index.php?rest_route=\/wp\/v2\/posts"}],"about":[{"href":"https:\/\/www.imelasavoie.fr\/index.php?rest_route=\/wp\/v2\/types\/post"}],"author":[{"embeddable":true,"href":"https:\/\/www.imelasavoie.fr\/index.php?rest_route=\/wp\/v2\/users\/21"}],"replies":[{"embeddable":true,"href":"https:\/\/www.imelasavoie.fr\/index.php?rest_route=%2Fwp%2Fv2%2Fcomments&post=30268"}],"version-history":[{"count":1,"href":"https:\/\/www.imelasavoie.fr\/index.php?rest_route=\/wp\/v2\/posts\/30268\/revisions"}],"predecessor-version":[{"id":30271,"href":"https:\/\/www.imelasavoie.fr\/index.php?rest_route=\/wp\/v2\/posts\/30268\/revisions\/30271"}],"wp:attachment":[{"href":"https:\/\/www.imelasavoie.fr\/index.php?rest_route=%2Fwp%2Fv2%2Fmedia&parent=30268"}],"wp:term":[{"taxonomy":"category","embeddable":true,"href":"https:\/\/www.imelasavoie.fr\/index.php?rest_route=%2Fwp%2Fv2%2Fcategories&post=30268"},{"taxonomy":"post_tag","embeddable":true,"href":"https:\/\/www.imelasavoie.fr\/index.php?rest_route=%2Fwp%2Fv2%2Ftags&post=30268"}],"curies":[{"name":"wp","href":"https:\/\/api.w.org\/{rel}","templated":true}]}}