{"id":30296,"date":"2025-07-04T09:45:37","date_gmt":"2025-07-04T07:45:37","guid":{"rendered":"https:\/\/www.imelasavoie.fr\/?p=30296"},"modified":"2025-07-04T09:45:37","modified_gmt":"2025-07-04T07:45:37","slug":"randonnee-a-planachat","status":"publish","type":"post","link":"https:\/\/www.imelasavoie.fr\/?p=30296","title":{"rendered":"Randonn\u00e9e \u00e0 Planachat"},"content":{"rendered":"\n<p>Le mardi de la derni\u00e8re semaine de classe, nous avons fait une rando \u00e0 pieds avec les jeunes des classes Dinamos et CECOF. Nous sommes partis en bus jusqu&rsquo;au trou de la marmite. Nous avons grimp\u00e9 jusqu&rsquo;au relais de Planachat en passant par la ferme Guichard.<\/p>\n\n\n\n<p>Nous sommes descendus au chalet de Planachat en passant par le Golet Marmier. Nous avons alors pique-niqu\u00e9. Nous sommes rest\u00e9s un long moment pour nous reposer et faire une bataille d&rsquo;eau. Nous \u00e9tions bien \u00e0 l&rsquo;ombre des arbres, et il y avait un petit vent!<\/p>\n\n\n\n<p>Ensuite, nous sommes redescendus \u00e0 Cormaranche, devant l&rsquo;\u00e9cole, et Adrien est venu nous chercher avec le bus.<\/p>\n\n\n\n<p>C&rsquo;\u00e9tait une belle journ\u00e9e!<\/p>\n\n\n\n<figure class=\"wp-block-image size-large\"><a href=\"https:\/\/www.imelasavoie.fr\/wp-content\/uploads\/2025\/07\/IMG_20250701_112122.jpg-scaled.jpg\"><img loading=\"lazy\" decoding=\"async\" width=\"1024\" height=\"768\" src=\"https:\/\/www.imelasavoie.fr\/wp-content\/uploads\/2025\/07\/IMG_20250701_112122.jpg-1024x768.jpg\" alt=\"\" class=\"wp-image-30297\" srcset=\"https:\/\/www.imelasavoie.fr\/wp-content\/uploads\/2025\/07\/IMG_20250701_112122.jpg-1024x768.jpg 1024w, https:\/\/www.imelasavoie.fr\/wp-content\/uploads\/2025\/07\/IMG_20250701_112122.jpg-300x225.jpg 300w, https:\/\/www.imelasavoie.fr\/wp-content\/uploads\/2025\/07\/IMG_20250701_112122.jpg-768x576.jpg 768w, https:\/\/www.imelasavoie.fr\/wp-content\/uploads\/2025\/07\/IMG_20250701_112122.jpg-1536x1152.jpg 1536w, https:\/\/www.imelasavoie.fr\/wp-content\/uploads\/2025\/07\/IMG_20250701_112122.jpg-2048x1536.jpg 2048w\" sizes=\"auto, (max-width: 1024px) 100vw, 1024px\" \/><\/a><\/figure>\n\n\n\n<figure class=\"wp-block-image size-large\"><a href=\"https:\/\/www.imelasavoie.fr\/wp-content\/uploads\/2025\/07\/IMG_20250701_111333.jpg-scaled.jpg\"><img loading=\"lazy\" decoding=\"async\" width=\"1024\" height=\"768\" src=\"https:\/\/www.imelasavoie.fr\/wp-content\/uploads\/2025\/07\/IMG_20250701_111333.jpg-1024x768.jpg\" alt=\"\" class=\"wp-image-30298\" srcset=\"https:\/\/www.imelasavoie.fr\/wp-content\/uploads\/2025\/07\/IMG_20250701_111333.jpg-1024x768.jpg 1024w, https:\/\/www.imelasavoie.fr\/wp-content\/uploads\/2025\/07\/IMG_20250701_111333.jpg-300x225.jpg 300w, https:\/\/www.imelasavoie.fr\/wp-content\/uploads\/2025\/07\/IMG_20250701_111333.jpg-768x576.jpg 768w, https:\/\/www.imelasavoie.fr\/wp-content\/uploads\/2025\/07\/IMG_20250701_111333.jpg-1536x1152.jpg 1536w, https:\/\/www.imelasavoie.fr\/wp-content\/uploads\/2025\/07\/IMG_20250701_111333.jpg-2048x1536.jpg 2048w\" sizes=\"auto, (max-width: 1024px) 100vw, 1024px\" \/><\/a><\/figure>\n\n\n\n<figure class=\"wp-block-image size-large\"><a href=\"https:\/\/www.imelasavoie.fr\/wp-content\/uploads\/2025\/07\/IMG_20250701_111104.jpg-scaled.jpg\"><img loading=\"lazy\" decoding=\"async\" width=\"1024\" height=\"768\" src=\"https:\/\/www.imelasavoie.fr\/wp-content\/uploads\/2025\/07\/IMG_20250701_111104.jpg-1024x768.jpg\" alt=\"\" class=\"wp-image-30299\" srcset=\"https:\/\/www.imelasavoie.fr\/wp-content\/uploads\/2025\/07\/IMG_20250701_111104.jpg-1024x768.jpg 1024w, https:\/\/www.imelasavoie.fr\/wp-content\/uploads\/2025\/07\/IMG_20250701_111104.jpg-300x225.jpg 300w, https:\/\/www.imelasavoie.fr\/wp-content\/uploads\/2025\/07\/IMG_20250701_111104.jpg-768x576.jpg 768w, https:\/\/www.imelasavoie.fr\/wp-content\/uploads\/2025\/07\/IMG_20250701_111104.jpg-1536x1152.jpg 1536w, https:\/\/www.imelasavoie.fr\/wp-content\/uploads\/2025\/07\/IMG_20250701_111104.jpg-2048x1536.jpg 2048w\" sizes=\"auto, (max-width: 1024px) 100vw, 1024px\" \/><\/a><\/figure>\n\n\n\n<figure class=\"wp-block-image size-large\"><a href=\"https:\/\/www.imelasavoie.fr\/wp-content\/uploads\/2025\/07\/IMG_20250701_124605.jpg-scaled.jpg\"><img loading=\"lazy\" decoding=\"async\" width=\"1024\" height=\"768\" src=\"https:\/\/www.imelasavoie.fr\/wp-content\/uploads\/2025\/07\/IMG_20250701_124605.jpg-1024x768.jpg\" alt=\"\" class=\"wp-image-30300\" srcset=\"https:\/\/www.imelasavoie.fr\/wp-content\/uploads\/2025\/07\/IMG_20250701_124605.jpg-1024x768.jpg 1024w, https:\/\/www.imelasavoie.fr\/wp-content\/uploads\/2025\/07\/IMG_20250701_124605.jpg-300x225.jpg 300w, https:\/\/www.imelasavoie.fr\/wp-content\/uploads\/2025\/07\/IMG_20250701_124605.jpg-768x576.jpg 768w, https:\/\/www.imelasavoie.fr\/wp-content\/uploads\/2025\/07\/IMG_20250701_124605.jpg-1536x1152.jpg 1536w, https:\/\/www.imelasavoie.fr\/wp-content\/uploads\/2025\/07\/IMG_20250701_124605.jpg-2048x1536.jpg 2048w\" sizes=\"auto, (max-width: 1024px) 100vw, 1024px\" \/><\/a><\/figure>\n\n\n\n<figure class=\"wp-block-image size-large\"><a href=\"https:\/\/www.imelasavoie.fr\/wp-content\/uploads\/2025\/07\/IMG_20250701_131717.jpg-scaled.jpg\"><img loading=\"lazy\" decoding=\"async\" width=\"1024\" height=\"768\" src=\"https:\/\/www.imelasavoie.fr\/wp-content\/uploads\/2025\/07\/IMG_20250701_131717.jpg-1024x768.jpg\" alt=\"\" class=\"wp-image-30301\" srcset=\"https:\/\/www.imelasavoie.fr\/wp-content\/uploads\/2025\/07\/IMG_20250701_131717.jpg-1024x768.jpg 1024w, https:\/\/www.imelasavoie.fr\/wp-content\/uploads\/2025\/07\/IMG_20250701_131717.jpg-300x225.jpg 300w, https:\/\/www.imelasavoie.fr\/wp-content\/uploads\/2025\/07\/IMG_20250701_131717.jpg-768x576.jpg 768w, https:\/\/www.imelasavoie.fr\/wp-content\/uploads\/2025\/07\/IMG_20250701_131717.jpg-1536x1152.jpg 1536w, https:\/\/www.imelasavoie.fr\/wp-content\/uploads\/2025\/07\/IMG_20250701_131717.jpg-2048x1536.jpg 2048w\" sizes=\"auto, (max-width: 1024px) 100vw, 1024px\" \/><\/a><\/figure>\n\n\n\n<figure class=\"wp-block-image size-large\"><a href=\"https:\/\/www.imelasavoie.fr\/wp-content\/uploads\/2025\/07\/IMG_20250701_131724.jpg-scaled.jpg\"><img loading=\"lazy\" decoding=\"async\" width=\"1024\" height=\"768\" src=\"https:\/\/www.imelasavoie.fr\/wp-content\/uploads\/2025\/07\/IMG_20250701_131724.jpg-1024x768.jpg\" alt=\"\" class=\"wp-image-30302\" srcset=\"https:\/\/www.imelasavoie.fr\/wp-content\/uploads\/2025\/07\/IMG_20250701_131724.jpg-1024x768.jpg 1024w, https:\/\/www.imelasavoie.fr\/wp-content\/uploads\/2025\/07\/IMG_20250701_131724.jpg-300x225.jpg 300w, https:\/\/www.imelasavoie.fr\/wp-content\/uploads\/2025\/07\/IMG_20250701_131724.jpg-768x576.jpg 768w, https:\/\/www.imelasavoie.fr\/wp-content\/uploads\/2025\/07\/IMG_20250701_131724.jpg-1536x1152.jpg 1536w, https:\/\/www.imelasavoie.fr\/wp-content\/uploads\/2025\/07\/IMG_20250701_131724.jpg-2048x1536.jpg 2048w\" sizes=\"auto, (max-width: 1024px) 100vw, 1024px\" \/><\/a><\/figure>\n","protected":false},"excerpt":{"rendered":"<p>Le mardi de la derni\u00e8re semaine de classe, nous avons fait une rando \u00e0 pieds avec les jeunes des classes Dinamos et CECOF. Nous sommes partis en bus jusqu&rsquo;au trou de la marmite. Nous avons grimp\u00e9 jusqu&rsquo;au relais de Planachat &hellip; <a href=\"https:\/\/www.imelasavoie.fr\/?p=30296\">Continuer la lecture <span class=\"meta-nav\">&rarr;<\/span><\/a><\/p>\n","protected":false},"author":13,"featured_media":0,"comment_status":"open","ping_status":"closed","sticky":false,"template":"","format":"standard","meta":{"footnotes":""},"categories":[1],"tags":[],"class_list":["post-30296","post","type-post","status-publish","format-standard","hentry","category-non-classe"],"_links":{"self":[{"href":"https:\/\/www.imelasavoie.fr\/index.php?rest_route=\/wp\/v2\/posts\/30296","targetHints":{"allow":["GET"]}}],"collection":[{"href":"https:\/\/www.imelasavoie.fr\/index.php?rest_route=\/wp\/v2\/posts"}],"about":[{"href":"https:\/\/www.imelasavoie.fr\/index.php?rest_route=\/wp\/v2\/types\/post"}],"author":[{"embeddable":true,"href":"https:\/\/www.imelasavoie.fr\/index.php?rest_route=\/wp\/v2\/users\/13"}],"replies":[{"embeddable":true,"href":"https:\/\/www.imelasavoie.fr\/index.php?rest_route=%2Fwp%2Fv2%2Fcomments&post=30296"}],"version-history":[{"count":1,"href":"https:\/\/www.imelasavoie.fr\/index.php?rest_route=\/wp\/v2\/posts\/30296\/revisions"}],"predecessor-version":[{"id":30303,"href":"https:\/\/www.imelasavoie.fr\/index.php?rest_route=\/wp\/v2\/posts\/30296\/revisions\/30303"}],"wp:attachment":[{"href":"https:\/\/www.imelasavoie.fr\/index.php?rest_route=%2Fwp%2Fv2%2Fmedia&parent=30296"}],"wp:term":[{"taxonomy":"category","embeddable":true,"href":"https:\/\/www.imelasavoie.fr\/index.php?rest_route=%2Fwp%2Fv2%2Fcategories&post=30296"},{"taxonomy":"post_tag","embeddable":true,"href":"https:\/\/www.imelasavoie.fr\/index.php?rest_route=%2Fwp%2Fv2%2Ftags&post=30296"}],"curies":[{"name":"wp","href":"https:\/\/api.w.org\/{rel}","templated":true}]}}