{"id":3035,"date":"2015-09-24T12:40:09","date_gmt":"2015-09-24T11:40:09","guid":{"rendered":"http:\/\/www.imelasavoie.fr\/?p=3035"},"modified":"2015-09-24T12:40:09","modified_gmt":"2015-09-24T11:40:09","slug":"preparation-carre-de-porc","status":"publish","type":"post","link":"https:\/\/www.imelasavoie.fr\/?p=3035","title":{"rendered":"Pr\u00e9paration carr\u00e9 de porc"},"content":{"rendered":"<p style=\"text-align: left;\">Je vais vous pr\u00e9senter la r\u00e9alisation du carr\u00e9 de porc\u00a0 que j&rsquo;ai r\u00e9alis\u00e9 en atelier\u00a0cuisine au \u00a0\u00a0CECOF\u00a0le 22\/09\/15.<\/p>\n<p style=\"text-align: center;\"><span style=\"text-decoration: underline;\"><strong>R\u00e9alisation du carr\u00e9 de porc<\/strong><\/span><\/p>\n<p><span style=\"text-decoration: underline;\"><strong>1.\u00a0 J&rsquo;ai mis\u00a0en place le poste de travail<\/strong><\/span><\/p>\n<p><span style=\"text-decoration: underline;\"><strong>2.\u00a0 J&rsquo;ai pr\u00e9par\u00e9 les garnitures aromatique<\/strong><\/span><\/p>\n<p>Tailler en mirepoix la GA de la viande.<\/p>\n<p>\u00c9mincer la GA de laitues brais\u00e9es<\/p>\n<p><span style=\"text-decoration: underline;\"><strong>3.\u00a0 j&rsquo;ai habill\u00e9 le carr\u00e9,r\u00e9serv\u00e9<\/strong><\/span><\/p>\n<div style=\"width: 224px\" class=\"wp-caption alignleft\"><img loading=\"lazy\" decoding=\"async\" src=\"http:\/\/p3.storage.canalblog.com\/38\/12\/1108452\/85211814_o.jpg\" alt=\"\" width=\"214\" height=\"161\" \/><p class=\"wp-caption-text\">Habiller le carr\u00e9 de porc<\/p><\/div>\n<p>&nbsp;<\/p>\n<p>&nbsp;<\/p>\n<p>&nbsp;<\/p>\n<p>&nbsp;<\/p>\n<p>&nbsp;<\/p>\n<p><span style=\"text-decoration: underline;\"><strong>4 J&rsquo;ai\u00a0marqu\u00e9 le carr\u00e9 en cuisson (1h15 au four)<\/strong> <\/span>: Raidir<\/p>\n<p>lentement au beurre le carr\u00e9, ajouter les parures, la GA, cuire \u00e0 couvert au four<\/p>\n<p><span style=\"text-decoration: underline;\"><strong>5<\/strong>\u00a0 <strong>j&rsquo;ai<\/strong> <strong>pr\u00e9par\u00e9 et blanchi les laitues<\/strong><\/span> : Laver puis plonger les laitues dans l&rsquo;eau bouillante quelques minutes,presser et mettre en fuseau<\/p>\n<p>&nbsp;<\/p>\n<div style=\"width: 199px\" class=\"wp-caption alignleft\"><img loading=\"lazy\" decoding=\"async\" src=\"http:\/\/www.kazeo.com\/sites\/fr\/photos\/125\/les-laitues-braisees_1251722-M.jpg\" alt=\"\" width=\"189\" height=\"124\" \/><p class=\"wp-caption-text\">Pr\u00e9parer et blanchir les laitues<\/p><\/div>\n<p>&nbsp;<\/p>\n<p>&nbsp;<\/p>\n<p>&nbsp;<\/p>\n<p>&nbsp;<\/p>\n<p>&nbsp;<\/p>\n<p>&nbsp;<\/p>\n<p>&nbsp;<\/p>\n<div style=\"width: 161px\" class=\"wp-caption alignnone\"><img loading=\"lazy\" decoding=\"async\" src=\"http:\/\/res.cloudinary.com\/hv9ssmzrz\/image\/fetch\/c_fill,f_auto,h_177,q_80,w_300\/http:\/\/s3-eu-west-1.amazonaws.com\/images-ca-1-0-1-eu\/recipe_photos\/original\/529\/laib35.jpg\" alt=\"\" width=\"151\" height=\"89\" \/><p class=\"wp-caption-text\">Marquer les laitues<\/p><\/div>\n<p><span style=\"text-decoration: underline;\"><strong>6<\/strong> <strong>J&rsquo;ai marqu\u00e9 les laitues en cuisson<\/strong><\/span> : Faire suer la GA, disposer dessus les laitues mouiller au fond blanc, ajouter les couennes, couvrir d&rsquo;un papier sulfuris\u00e9 et mettre au four \u00e0 200\u00b0c pendant 1h20 \u00e0 1h30<\/p>\n<p><span style=\"text-decoration: underline;\"><strong>7<\/strong> <strong>J&rsquo;ai tourn\u00e9 et marqu\u00e9 en cuisson les P. Ch\u00e2teau<\/strong><\/span> : blanchir , sauter , assaisonner , terminer au four.<\/p>\n<p><span style=\"text-decoration: underline;\"><strong>8\u00a0 J&rsquo;ai hach\u00e9 le persil , r\u00e9serv\u00e9<\/strong><\/span><\/p>\n<p><span style=\"text-decoration: underline;\"><strong>9<\/strong>\u00a0 J<strong>&lsquo;ai assur\u00e9\u00a0 la coloration et la cuisson du carr\u00e9<\/strong><\/span><\/p>\n<p><span style=\"text-decoration: underline;\"><strong>10<\/strong>\u00a0<strong> J&rsquo;ai confectionn\u00e9 le fond de po\u00ealage<\/strong><\/span> : Retirer le carr\u00e9, faire pincer les sucs, d\u00e9glacer avec l&rsquo;alcools, faire r\u00e9duire, ajouter le fond brun de veau, r\u00e9duire de nouveau, passer au chinois, laisser reposer pour d\u00e9graisser.<\/p>\n<p>&nbsp;<\/p>\n<p>&nbsp;<\/p>\n<div style=\"width: 225px\" class=\"wp-caption alignleft\"><img loading=\"lazy\" decoding=\"async\" src=\"http:\/\/i.ytimg.com\/vi\/1qpOpOUJLos\/hqdefault.jpg\" alt=\"\" width=\"215\" height=\"161\" \/><p class=\"wp-caption-text\">Confectionner le fond de po\u00ealage<\/p><\/div>\n<p>&nbsp;<\/p>\n<p>&nbsp;<\/p>\n<p>&nbsp;<\/p>\n<p>&nbsp;<\/p>\n<p>&nbsp;<\/p>\n<p>&nbsp;<\/p>\n<p>&nbsp;<\/p>\n<p>&nbsp;<\/p>\n<p><span style=\"text-decoration: underline;\"><strong>11\u00a0 J&rsquo;ai termin\u00e9 le braisage des laitues<\/strong><\/span> : Disposer les laitues dans un sautoir avec un peu de fond brun li\u00e9 , laisser mijoter.<\/p>\n<p><span style=\"text-decoration: underline;\"><strong>12 J&rsquo;ai glac\u00e9 le carr\u00e9<\/strong><\/span> : D\u00e9ficeler le carr\u00e9 , l&rsquo;enduire de fond de po\u00ealage, le passer sous la salamandre , r\u00e9p\u00e9ter l&rsquo;op\u00e9ration<\/p>\n<p style=\"text-align: left;\"><span style=\"text-decoration: underline;\"><strong>13 J&rsquo;ai dress\u00e9 suivant consigne<\/strong>.<\/span><\/p>\n<p style=\"text-align: left;\">Turna Mikail<\/p>\n","protected":false},"excerpt":{"rendered":"<p>Je vais vous pr\u00e9senter la r\u00e9alisation du carr\u00e9 de porc\u00a0 que j&rsquo;ai r\u00e9alis\u00e9 en atelier\u00a0cuisine au \u00a0\u00a0CECOF\u00a0le 22\/09\/15. R\u00e9alisation du carr\u00e9 de porc 1.\u00a0 J&rsquo;ai mis\u00a0en place le poste de travail 2.\u00a0 J&rsquo;ai pr\u00e9par\u00e9 les garnitures aromatique Tailler en mirepoix &hellip; <a href=\"https:\/\/www.imelasavoie.fr\/?p=3035\">Continuer la lecture <span class=\"meta-nav\">&rarr;<\/span><\/a><\/p>\n","protected":false},"author":10,"featured_media":0,"comment_status":"open","ping_status":"closed","sticky":false,"template":"","format":"standard","meta":{"footnotes":""},"categories":[48,60],"tags":[52,121],"class_list":["post-3035","post","type-post","status-publish","format-standard","hentry","category-actualites","category-cecof","tag-cuisine","tag-preparation"],"_links":{"self":[{"href":"https:\/\/www.imelasavoie.fr\/index.php?rest_route=\/wp\/v2\/posts\/3035","targetHints":{"allow":["GET"]}}],"collection":[{"href":"https:\/\/www.imelasavoie.fr\/index.php?rest_route=\/wp\/v2\/posts"}],"about":[{"href":"https:\/\/www.imelasavoie.fr\/index.php?rest_route=\/wp\/v2\/types\/post"}],"author":[{"embeddable":true,"href":"https:\/\/www.imelasavoie.fr\/index.php?rest_route=\/wp\/v2\/users\/10"}],"replies":[{"embeddable":true,"href":"https:\/\/www.imelasavoie.fr\/index.php?rest_route=%2Fwp%2Fv2%2Fcomments&post=3035"}],"version-history":[{"count":0,"href":"https:\/\/www.imelasavoie.fr\/index.php?rest_route=\/wp\/v2\/posts\/3035\/revisions"}],"wp:attachment":[{"href":"https:\/\/www.imelasavoie.fr\/index.php?rest_route=%2Fwp%2Fv2%2Fmedia&parent=3035"}],"wp:term":[{"taxonomy":"category","embeddable":true,"href":"https:\/\/www.imelasavoie.fr\/index.php?rest_route=%2Fwp%2Fv2%2Fcategories&post=3035"},{"taxonomy":"post_tag","embeddable":true,"href":"https:\/\/www.imelasavoie.fr\/index.php?rest_route=%2Fwp%2Fv2%2Ftags&post=3035"}],"curies":[{"name":"wp","href":"https:\/\/api.w.org\/{rel}","templated":true}]}}