{"id":30537,"date":"2025-10-15T09:36:49","date_gmt":"2025-10-15T07:36:49","guid":{"rendered":"https:\/\/www.imelasavoie.fr\/?p=30537"},"modified":"2025-10-15T09:36:49","modified_gmt":"2025-10-15T07:36:49","slug":"velitalia-5","status":"publish","type":"post","link":"https:\/\/www.imelasavoie.fr\/?p=30537","title":{"rendered":"V\u00e9l&rsquo;Italia 5"},"content":{"rendered":"\n<figure class=\"wp-block-image size-large is-resized\"><a href=\"https:\/\/www.imelasavoie.fr\/wp-content\/uploads\/2025\/10\/image-4.png\"><img loading=\"lazy\" decoding=\"async\" width=\"1024\" height=\"472\" src=\"https:\/\/www.imelasavoie.fr\/wp-content\/uploads\/2025\/10\/image-4-1024x472.png\" alt=\"\" class=\"wp-image-30538\" style=\"aspect-ratio:2.1696012952843553;width:412px;height:auto\" srcset=\"https:\/\/www.imelasavoie.fr\/wp-content\/uploads\/2025\/10\/image-4-1024x472.png 1024w, https:\/\/www.imelasavoie.fr\/wp-content\/uploads\/2025\/10\/image-4-300x138.png 300w, https:\/\/www.imelasavoie.fr\/wp-content\/uploads\/2025\/10\/image-4-768x354.png 768w, https:\/\/www.imelasavoie.fr\/wp-content\/uploads\/2025\/10\/image-4-1536x708.png 1536w, https:\/\/www.imelasavoie.fr\/wp-content\/uploads\/2025\/10\/image-4.png 1600w\" sizes=\"auto, (max-width: 1024px) 100vw, 1024px\" \/><\/a><\/figure>\n\n\n\n<p>Anthony est en Sicile! Il a travers\u00e9 avec un bac sur cette \u00eele juste apr\u00e8s le message de V\u00e9l&rsquo;Italia 3. La Sicile est cette grande \u00eele tout au sud de l&rsquo;Italie. Arriv\u00e9 en Sicile, il voulait aller en bateau sur les \u00eeles \u00e9oliennes et surtout aller voir le volcan Stromboli. Mais la mer \u00e9tait vraiment trop agit\u00e9e et les bateaux ne pouvaient pas naviguer (s\u00e9curit\u00e9). Il a donc repris son v\u00e9lo pour aller en direction de l&rsquo;Etna. C&rsquo;est le plus haut volcan actif d&rsquo;Europe et l&rsquo;un des plus actifs du monde avec pr\u00e8s de 80 \u00e9ruptions au cours du XX\u1d49 si\u00e8cle!<\/p>\n\n\n\n<p>Pour se rapprocher du volcan, il a pris une piste difficile dans l&rsquo;ambiance particuli\u00e8re de l&rsquo;Etna! Il a m\u00eame eu une route coup\u00e9e par une ancienne coul\u00e9e de lave!<\/p>\n\n\n\n<figure class=\"wp-block-image size-large is-resized\"><a href=\"https:\/\/www.imelasavoie.fr\/wp-content\/uploads\/2025\/10\/image-5.png\"><img loading=\"lazy\" decoding=\"async\" width=\"1024\" height=\"473\" src=\"https:\/\/www.imelasavoie.fr\/wp-content\/uploads\/2025\/10\/image-5-1024x473.png\" alt=\"\" class=\"wp-image-30539\" style=\"aspect-ratio:2.1650005048975056;width:342px;height:auto\" srcset=\"https:\/\/www.imelasavoie.fr\/wp-content\/uploads\/2025\/10\/image-5-1024x473.png 1024w, https:\/\/www.imelasavoie.fr\/wp-content\/uploads\/2025\/10\/image-5-300x138.png 300w, https:\/\/www.imelasavoie.fr\/wp-content\/uploads\/2025\/10\/image-5-768x354.png 768w, https:\/\/www.imelasavoie.fr\/wp-content\/uploads\/2025\/10\/image-5-1536x709.png 1536w, https:\/\/www.imelasavoie.fr\/wp-content\/uploads\/2025\/10\/image-5.png 1599w\" sizes=\"auto, (max-width: 1024px) 100vw, 1024px\" \/><\/a><\/figure>\n\n\n\n<figure class=\"wp-block-image size-large is-resized\"><a href=\"https:\/\/www.imelasavoie.fr\/wp-content\/uploads\/2025\/10\/image-6.png\"><img loading=\"lazy\" decoding=\"async\" width=\"1024\" height=\"473\" src=\"https:\/\/www.imelasavoie.fr\/wp-content\/uploads\/2025\/10\/image-6-1024x473.png\" alt=\"\" class=\"wp-image-30540\" style=\"aspect-ratio:2.1650005048975056;width:346px;height:auto\" srcset=\"https:\/\/www.imelasavoie.fr\/wp-content\/uploads\/2025\/10\/image-6-1024x473.png 1024w, https:\/\/www.imelasavoie.fr\/wp-content\/uploads\/2025\/10\/image-6-300x138.png 300w, https:\/\/www.imelasavoie.fr\/wp-content\/uploads\/2025\/10\/image-6-768x354.png 768w, https:\/\/www.imelasavoie.fr\/wp-content\/uploads\/2025\/10\/image-6-1536x709.png 1536w, https:\/\/www.imelasavoie.fr\/wp-content\/uploads\/2025\/10\/image-6.png 1599w\" sizes=\"auto, (max-width: 1024px) 100vw, 1024px\" \/><\/a><\/figure>\n\n\n\n<p>Pour grimper au sommet du volcan, il a d\u00fb poser son v\u00e9lo et s&rsquo;inscrire dans un groupe avec un guide. Il est interdit de s&rsquo;aventurer seul sur un volcan en activit\u00e9.<\/p>\n\n\n\n<figure class=\"wp-block-image size-large is-resized\"><a href=\"https:\/\/www.imelasavoie.fr\/wp-content\/uploads\/2025\/10\/image-7.png\"><img loading=\"lazy\" decoding=\"async\" width=\"1024\" height=\"473\" src=\"https:\/\/www.imelasavoie.fr\/wp-content\/uploads\/2025\/10\/image-7-1024x473.png\" alt=\"\" class=\"wp-image-30541\" style=\"aspect-ratio:2.1650005048975056;width:406px;height:auto\" srcset=\"https:\/\/www.imelasavoie.fr\/wp-content\/uploads\/2025\/10\/image-7-1024x473.png 1024w, https:\/\/www.imelasavoie.fr\/wp-content\/uploads\/2025\/10\/image-7-300x138.png 300w, https:\/\/www.imelasavoie.fr\/wp-content\/uploads\/2025\/10\/image-7-768x354.png 768w, https:\/\/www.imelasavoie.fr\/wp-content\/uploads\/2025\/10\/image-7-1536x709.png 1536w, https:\/\/www.imelasavoie.fr\/wp-content\/uploads\/2025\/10\/image-7.png 2048w\" sizes=\"auto, (max-width: 1024px) 100vw, 1024px\" \/><\/a><\/figure>\n\n\n\n<figure class=\"wp-block-image size-large is-resized\"><a href=\"https:\/\/www.imelasavoie.fr\/wp-content\/uploads\/2025\/10\/image-8.png\"><img loading=\"lazy\" decoding=\"async\" width=\"1024\" height=\"473\" src=\"https:\/\/www.imelasavoie.fr\/wp-content\/uploads\/2025\/10\/image-8-1024x473.png\" alt=\"\" class=\"wp-image-30542\" style=\"aspect-ratio:2.1650005048975056;width:411px;height:auto\" srcset=\"https:\/\/www.imelasavoie.fr\/wp-content\/uploads\/2025\/10\/image-8-1024x473.png 1024w, https:\/\/www.imelasavoie.fr\/wp-content\/uploads\/2025\/10\/image-8-300x138.png 300w, https:\/\/www.imelasavoie.fr\/wp-content\/uploads\/2025\/10\/image-8-768x354.png 768w, https:\/\/www.imelasavoie.fr\/wp-content\/uploads\/2025\/10\/image-8-1536x709.png 1536w, https:\/\/www.imelasavoie.fr\/wp-content\/uploads\/2025\/10\/image-8.png 2048w\" sizes=\"auto, (max-width: 1024px) 100vw, 1024px\" \/><\/a><\/figure>\n\n\n\n<p>Voici une petite vid\u00e9o pour mieux montrer l&rsquo;Etna en activit\u00e9:<\/p>\n\n\n\n<figure class=\"wp-block-embed is-type-video is-provider-youtube wp-block-embed-youtube wp-embed-aspect-16-9 wp-has-aspect-ratio\"><div class=\"wp-block-embed__wrapper\">\n<iframe loading=\"lazy\" title=\"Les images spectaculaires de l&#039;entr\u00e9e en \u00e9ruption de l&#039;Etna\" width=\"640\" height=\"360\" src=\"https:\/\/www.youtube.com\/embed\/afbk_gch2ts?feature=oembed\" frameborder=\"0\" allow=\"accelerometer; autoplay; clipboard-write; encrypted-media; gyroscope; picture-in-picture; web-share\" referrerpolicy=\"strict-origin-when-cross-origin\" allowfullscreen><\/iframe>\n<\/div><\/figure>\n\n\n\n<p>Pendant la mont\u00e9e du volcan, Anthony nous a fait une petite vid\u00e9o pour nous expliquer son programme. C&rsquo;\u00e9tait sympa de le voir et de l&rsquo;entendre!<\/p>\n\n\n\n<p>Il poursuit maintenant sa route sur la c\u00f4te Est de la Sicile. Il va prendre le temps de visiter la Sicile avant d&rsquo;aller sur une autre grande \u00eele italienne, la Sardaigne. On verra o\u00f9 il sera le  3 novembre, quand nous reprendrons l&rsquo;\u00e9cole apr\u00e8s les vacances d&rsquo;automne!<\/p>\n\n\n\n<p>Dans son r\u00e9cit de la semaine, Anthony nous a dit avoir gout\u00e9 des sp\u00e9cialit\u00e9s siciliennes: les arancini et les cannoli. On vous laisse les d\u00e9couvrir sur Internet! On a donc poursuivi notre travail sur les sp\u00e9cialit\u00e9s italiennes, et voici quelques exemples de menus italiens:<\/p>\n\n\n\n<figure class=\"wp-block-image size-large\"><a href=\"https:\/\/www.imelasavoie.fr\/wp-content\/uploads\/2025\/10\/IMG_20251013_181701.jpg-scaled.jpg\"><img loading=\"lazy\" decoding=\"async\" width=\"768\" height=\"1024\" src=\"https:\/\/www.imelasavoie.fr\/wp-content\/uploads\/2025\/10\/IMG_20251013_181701.jpg-768x1024.jpg\" alt=\"\" class=\"wp-image-30543\" srcset=\"https:\/\/www.imelasavoie.fr\/wp-content\/uploads\/2025\/10\/IMG_20251013_181701.jpg-768x1024.jpg 768w, https:\/\/www.imelasavoie.fr\/wp-content\/uploads\/2025\/10\/IMG_20251013_181701.jpg-225x300.jpg 225w, https:\/\/www.imelasavoie.fr\/wp-content\/uploads\/2025\/10\/IMG_20251013_181701.jpg-1152x1536.jpg 1152w, https:\/\/www.imelasavoie.fr\/wp-content\/uploads\/2025\/10\/IMG_20251013_181701.jpg-1536x2048.jpg 1536w, https:\/\/www.imelasavoie.fr\/wp-content\/uploads\/2025\/10\/IMG_20251013_181701.jpg-scaled.jpg 1920w\" sizes=\"auto, (max-width: 768px) 100vw, 768px\" \/><\/a><\/figure>\n\n\n\n<p>La classe Dinamo 1<\/p>\n","protected":false},"excerpt":{"rendered":"<p>Anthony est en Sicile! Il a travers\u00e9 avec un bac sur cette \u00eele juste apr\u00e8s le message de V\u00e9l&rsquo;Italia 3. La Sicile est cette grande \u00eele tout au sud de l&rsquo;Italie. Arriv\u00e9 en Sicile, il voulait aller en bateau sur &hellip; <a href=\"https:\/\/www.imelasavoie.fr\/?p=30537\">Continuer la lecture <span class=\"meta-nav\">&rarr;<\/span><\/a><\/p>\n","protected":false},"author":13,"featured_media":0,"comment_status":"open","ping_status":"closed","sticky":false,"template":"","format":"standard","meta":{"footnotes":""},"categories":[1],"tags":[],"class_list":["post-30537","post","type-post","status-publish","format-standard","hentry","category-non-classe"],"_links":{"self":[{"href":"https:\/\/www.imelasavoie.fr\/index.php?rest_route=\/wp\/v2\/posts\/30537","targetHints":{"allow":["GET"]}}],"collection":[{"href":"https:\/\/www.imelasavoie.fr\/index.php?rest_route=\/wp\/v2\/posts"}],"about":[{"href":"https:\/\/www.imelasavoie.fr\/index.php?rest_route=\/wp\/v2\/types\/post"}],"author":[{"embeddable":true,"href":"https:\/\/www.imelasavoie.fr\/index.php?rest_route=\/wp\/v2\/users\/13"}],"replies":[{"embeddable":true,"href":"https:\/\/www.imelasavoie.fr\/index.php?rest_route=%2Fwp%2Fv2%2Fcomments&post=30537"}],"version-history":[{"count":2,"href":"https:\/\/www.imelasavoie.fr\/index.php?rest_route=\/wp\/v2\/posts\/30537\/revisions"}],"predecessor-version":[{"id":30546,"href":"https:\/\/www.imelasavoie.fr\/index.php?rest_route=\/wp\/v2\/posts\/30537\/revisions\/30546"}],"wp:attachment":[{"href":"https:\/\/www.imelasavoie.fr\/index.php?rest_route=%2Fwp%2Fv2%2Fmedia&parent=30537"}],"wp:term":[{"taxonomy":"category","embeddable":true,"href":"https:\/\/www.imelasavoie.fr\/index.php?rest_route=%2Fwp%2Fv2%2Fcategories&post=30537"},{"taxonomy":"post_tag","embeddable":true,"href":"https:\/\/www.imelasavoie.fr\/index.php?rest_route=%2Fwp%2Fv2%2Ftags&post=30537"}],"curies":[{"name":"wp","href":"https:\/\/api.w.org\/{rel}","templated":true}]}}