{"id":30547,"date":"2025-10-15T09:47:25","date_gmt":"2025-10-15T07:47:25","guid":{"rendered":"https:\/\/www.imelasavoie.fr\/?p=30547"},"modified":"2025-10-15T14:27:14","modified_gmt":"2025-10-15T12:27:14","slug":"vie-de-classe-les-elections-de-delegues-de-la-classe-mandela-2","status":"publish","type":"post","link":"https:\/\/www.imelasavoie.fr\/?p=30547","title":{"rendered":"[Vie de classe] Les \u00e9lections de d\u00e9l\u00e9gu\u00e9.es de la classe Mandela 2"},"content":{"rendered":"\n<p>Bonjour<\/p>\n\n\n\n<p>Nous avons fait les \u00e9lections de d\u00e9l\u00e9gu\u00e9.es dans la classe Mandela 2.<\/p>\n\n\n\n<p>Nous avons \u00e9lu deux d\u00e9l\u00e9gu\u00e9.es. Les deux personnes \u00e9lues sont James et Cyrielle.<\/p>\n\n\n\n<p>Voici les r\u00e9sultats du vote\u00a0:<\/p>\n\n\n\n<p>James&nbsp;: 4 votes<\/p>\n\n\n\n<p>Ilyes&nbsp;: 3 votes<\/p>\n\n\n\n<p>Oc\u00e9ane&nbsp;: 4 votes<\/p>\n\n\n\n<p>Enzo&nbsp;: 3 votes<\/p>\n\n\n\n<p>Zakaria&nbsp;: 1 vote<\/p>\n\n\n\n<p>Ethan&nbsp;: 0 votes<\/p>\n\n\n\n<p>Cyrielle\u00a0: 5 votes<\/p>\n\n\n\n<p>Lena&nbsp;: 2 votes<\/p>\n\n\n\n<p>Samet&nbsp;: &nbsp;1 vote<\/p>\n\n\n\n<p>Lola&nbsp;: 1 vote<\/p>\n\n\n\n<p>Cyrielle&nbsp;: \u00c7a fait bizarre d\u2019\u00eatre d\u00e9l\u00e9gu\u00e9e de classe car c\u2019est la premi\u00e8re fois que je suis d\u00e9l\u00e9gu\u00e9e.<\/p>\n\n\n\n<p>\u00c7a me stresse pour les r\u00e9unions cvc du coll\u00e8ge et \u00e0 la fois je suis contente.<\/p>\n\n\n\n<p class=\"has-text-align-center\">Cyrielle pour la classe Mandela 2<\/p>\n","protected":false},"excerpt":{"rendered":"<p>Bonjour Nous avons fait les \u00e9lections de d\u00e9l\u00e9gu\u00e9.es dans la classe Mandela 2. Nous avons \u00e9lu deux d\u00e9l\u00e9gu\u00e9.es. Les deux personnes \u00e9lues sont James et Cyrielle. Voici les r\u00e9sultats du vote\u00a0: James&nbsp;: 4 votes Ilyes&nbsp;: 3 votes Oc\u00e9ane&nbsp;: 4 votes &hellip; <a href=\"https:\/\/www.imelasavoie.fr\/?p=30547\">Continuer la lecture <span class=\"meta-nav\">&rarr;<\/span><\/a><\/p>\n","protected":false},"author":1,"featured_media":0,"comment_status":"open","ping_status":"closed","sticky":false,"template":"","format":"standard","meta":{"footnotes":""},"categories":[56,58],"tags":[],"class_list":["post-30547","post","type-post","status-publish","format-standard","hentry","category-les-classes-et-ateliers","category-mandela2"],"_links":{"self":[{"href":"https:\/\/www.imelasavoie.fr\/index.php?rest_route=\/wp\/v2\/posts\/30547","targetHints":{"allow":["GET"]}}],"collection":[{"href":"https:\/\/www.imelasavoie.fr\/index.php?rest_route=\/wp\/v2\/posts"}],"about":[{"href":"https:\/\/www.imelasavoie.fr\/index.php?rest_route=\/wp\/v2\/types\/post"}],"author":[{"embeddable":true,"href":"https:\/\/www.imelasavoie.fr\/index.php?rest_route=\/wp\/v2\/users\/1"}],"replies":[{"embeddable":true,"href":"https:\/\/www.imelasavoie.fr\/index.php?rest_route=%2Fwp%2Fv2%2Fcomments&post=30547"}],"version-history":[{"count":4,"href":"https:\/\/www.imelasavoie.fr\/index.php?rest_route=\/wp\/v2\/posts\/30547\/revisions"}],"predecessor-version":[{"id":30556,"href":"https:\/\/www.imelasavoie.fr\/index.php?rest_route=\/wp\/v2\/posts\/30547\/revisions\/30556"}],"wp:attachment":[{"href":"https:\/\/www.imelasavoie.fr\/index.php?rest_route=%2Fwp%2Fv2%2Fmedia&parent=30547"}],"wp:term":[{"taxonomy":"category","embeddable":true,"href":"https:\/\/www.imelasavoie.fr\/index.php?rest_route=%2Fwp%2Fv2%2Fcategories&post=30547"},{"taxonomy":"post_tag","embeddable":true,"href":"https:\/\/www.imelasavoie.fr\/index.php?rest_route=%2Fwp%2Fv2%2Ftags&post=30547"}],"curies":[{"name":"wp","href":"https:\/\/api.w.org\/{rel}","templated":true}]}}