{"id":30792,"date":"2025-11-26T10:39:47","date_gmt":"2025-11-26T08:39:47","guid":{"rendered":"https:\/\/www.imelasavoie.fr\/?p=30792"},"modified":"2025-11-26T10:39:47","modified_gmt":"2025-11-26T08:39:47","slug":"velespagna-2","status":"publish","type":"post","link":"https:\/\/www.imelasavoie.fr\/?p=30792","title":{"rendered":"V\u00e9l&rsquo;Espagna 2"},"content":{"rendered":"\n<figure class=\"wp-block-image size-large\"><a href=\"https:\/\/www.imelasavoie.fr\/wp-content\/uploads\/2025\/11\/image-20.png\"><img loading=\"lazy\" decoding=\"async\" width=\"1024\" height=\"473\" src=\"https:\/\/www.imelasavoie.fr\/wp-content\/uploads\/2025\/11\/image-20-1024x473.png\" alt=\"\" class=\"wp-image-30795\" srcset=\"https:\/\/www.imelasavoie.fr\/wp-content\/uploads\/2025\/11\/image-20-1024x473.png 1024w, https:\/\/www.imelasavoie.fr\/wp-content\/uploads\/2025\/11\/image-20-300x138.png 300w, https:\/\/www.imelasavoie.fr\/wp-content\/uploads\/2025\/11\/image-20-768x354.png 768w, https:\/\/www.imelasavoie.fr\/wp-content\/uploads\/2025\/11\/image-20-1536x709.png 1536w, https:\/\/www.imelasavoie.fr\/wp-content\/uploads\/2025\/11\/image-20.png 2048w\" sizes=\"auto, (max-width: 1024px) 100vw, 1024px\" \/><\/a><\/figure>\n\n\n\n<p>Pour notre s\u00e9ance V\u00e9l&rsquo;Espagna ce lundi, nous avons fait une visio avec Anthony! C&rsquo;\u00e9tait pr\u00e9vu, nous nous sommes connect\u00e9s \u00e0 15h et nous avons \u00e9chang\u00e9 avec lui pendant 45 minutes.<\/p>\n\n\n\n<p>C&rsquo;\u00e9tait tr\u00e8s bien de pouvoir parler avec lui en direct! Nous avions pr\u00e9par\u00e9 une liste de questions qui en a amen\u00e9 d&rsquo;autres. C&rsquo;\u00e9tait vraiment un tr\u00e8s bon moment!<\/p>\n\n\n\n<figure class=\"wp-block-image size-large\"><a href=\"https:\/\/www.imelasavoie.fr\/wp-content\/uploads\/2025\/11\/image-22.png\"><img loading=\"lazy\" decoding=\"async\" width=\"1024\" height=\"473\" src=\"https:\/\/www.imelasavoie.fr\/wp-content\/uploads\/2025\/11\/image-22-1024x473.png\" alt=\"\" class=\"wp-image-30797\" srcset=\"https:\/\/www.imelasavoie.fr\/wp-content\/uploads\/2025\/11\/image-22-1024x473.png 1024w, https:\/\/www.imelasavoie.fr\/wp-content\/uploads\/2025\/11\/image-22-300x138.png 300w, https:\/\/www.imelasavoie.fr\/wp-content\/uploads\/2025\/11\/image-22-768x354.png 768w, https:\/\/www.imelasavoie.fr\/wp-content\/uploads\/2025\/11\/image-22-1536x709.png 1536w, https:\/\/www.imelasavoie.fr\/wp-content\/uploads\/2025\/11\/image-22.png 1599w\" sizes=\"auto, (max-width: 1024px) 100vw, 1024px\" \/><\/a><\/figure>\n\n\n\n<p>Parmi nos \u00e9changes, voici deux questions que nous lui avons pos\u00e9, et  que nous partageons avec vous:<\/p>\n\n\n\n<ol class=\"wp-block-list\">\n<li>Comment fais-tu pour te laver en bivouac? \u00ab\u00a0Pas de douche possible! Je me lave avec des lingettes, et si j&rsquo;ai quelques litres d&rsquo;eau, je peux me laver avec trois litres (se mouiller, se savonner, se rincer).\u00a0\u00bb<\/li>\n\n\n\n<li>Comment fais tu pour monter ou d\u00e9monter ta tente quand il pleut? \u00a0\u00bb J&rsquo;ai une bonne tente technique qui permet de monter le double-toit, et de se mettre \u00e0 l&rsquo;abri dessous pour monter la chambre.\u00a0\u00bb<\/li>\n<\/ol>\n\n\n\n<figure class=\"wp-block-image size-large\"><a href=\"https:\/\/www.imelasavoie.fr\/wp-content\/uploads\/2025\/11\/image-19.png\"><img loading=\"lazy\" decoding=\"async\" width=\"1024\" height=\"473\" src=\"https:\/\/www.imelasavoie.fr\/wp-content\/uploads\/2025\/11\/image-19-1024x473.png\" alt=\"\" class=\"wp-image-30794\" srcset=\"https:\/\/www.imelasavoie.fr\/wp-content\/uploads\/2025\/11\/image-19-1024x473.png 1024w, https:\/\/www.imelasavoie.fr\/wp-content\/uploads\/2025\/11\/image-19-300x138.png 300w, https:\/\/www.imelasavoie.fr\/wp-content\/uploads\/2025\/11\/image-19-768x354.png 768w, https:\/\/www.imelasavoie.fr\/wp-content\/uploads\/2025\/11\/image-19-1536x709.png 1536w, https:\/\/www.imelasavoie.fr\/wp-content\/uploads\/2025\/11\/image-19.png 2048w\" sizes=\"auto, (max-width: 1024px) 100vw, 1024px\" \/><\/a><\/figure>\n\n\n\n<p>Cette derni\u00e8re semaine, il a encore bien profit\u00e9 de l&rsquo;Espagne qu&rsquo;il appr\u00e9cie vraiment! Les routes sont agr\u00e9ables, les gens sont sympathiques, les lieux de bivouacs sont assez facile \u00e0 trouver,&#8230; La v\u00e9g\u00e9tation a un peu chang\u00e9: toujours des orangers et des citronniers, mais il y a aussi des palmiers!<\/p>\n\n\n\n<figure class=\"wp-block-image size-large\"><a href=\"https:\/\/www.imelasavoie.fr\/wp-content\/uploads\/2025\/11\/image-21.png\"><img loading=\"lazy\" decoding=\"async\" width=\"1024\" height=\"473\" src=\"https:\/\/www.imelasavoie.fr\/wp-content\/uploads\/2025\/11\/image-21-1024x473.png\" alt=\"\" class=\"wp-image-30796\" srcset=\"https:\/\/www.imelasavoie.fr\/wp-content\/uploads\/2025\/11\/image-21-1024x473.png 1024w, https:\/\/www.imelasavoie.fr\/wp-content\/uploads\/2025\/11\/image-21-300x138.png 300w, https:\/\/www.imelasavoie.fr\/wp-content\/uploads\/2025\/11\/image-21-768x354.png 768w, https:\/\/www.imelasavoie.fr\/wp-content\/uploads\/2025\/11\/image-21-1536x709.png 1536w, https:\/\/www.imelasavoie.fr\/wp-content\/uploads\/2025\/11\/image-21.png 2000w\" sizes=\"auto, (max-width: 1024px) 100vw, 1024px\" \/><\/a><\/figure>\n\n\n\n<p>Sur notre proposition de la semaine derni\u00e8re, il a go\u00fbt\u00e9 les churros qu&rsquo;il appr\u00e9cie beaucoup!<\/p>\n\n\n\n<p>Apr\u00e8s la visio, il va s&rsquo;installer dans un camping pr\u00e8s de Tabernas, petite ville au nord d&rsquo;Alm\u00e9ria. Il va y rester deux ou trois nuits, cela lui permettra de se reposer (apr\u00e8s une semaine de bivouac!), de faire sa lessive, r\u00e9viser son v\u00e9lo, recharger son t\u00e9l\u00e9phone,&#8230;<\/p>\n\n\n\n<p>Le d\u00e9sert de Tabernas est un endroit particulier, Anthony nous l&rsquo;a expliqu\u00e9 dans la visio.<\/p>\n\n\n\n<p>Il s&rsquo;agit de l&rsquo;unique v\u00e9ritable d\u00e9sert d&rsquo;Europe! La superficie occup\u00e9e par le d\u00e9sert est en expansion constante en raison du\u00a0r\u00e9chauffement climatique.<\/p>\n\n\n\n<p>C&rsquo;est un lieu qui ressemble aux d\u00e9serts des Etats-Unis, et qui a servi de d\u00e9cor \u00e0 de nombreux films (des westerns). C&rsquo;est encore un lieu de tournage important aujourd&rsquo;hui, avec ces paysages si particulier.<\/p>\n\n\n\n<figure class=\"wp-block-embed is-type-video is-provider-youtube wp-block-embed-youtube wp-embed-aspect-16-9 wp-has-aspect-ratio\"><div class=\"wp-block-embed__wrapper\">\n<iframe loading=\"lazy\" title=\"Le d\u00e9sert de Tabernas en Espagne s&#039;ass\u00e8che progressivement\" width=\"640\" height=\"360\" src=\"https:\/\/www.youtube.com\/embed\/271Y5sj0QAU?feature=oembed\" frameborder=\"0\" allow=\"accelerometer; autoplay; clipboard-write; encrypted-media; gyroscope; picture-in-picture; web-share\" referrerpolicy=\"strict-origin-when-cross-origin\" allowfullscreen><\/iframe>\n<\/div><\/figure>\n\n\n\n<p>A bient\u00f4t pour Vel&rsquo;Espana 3!<\/p>\n\n\n\n<p>La classe Dinamo 1<\/p>\n","protected":false},"excerpt":{"rendered":"<p>Pour notre s\u00e9ance V\u00e9l&rsquo;Espagna ce lundi, nous avons fait une visio avec Anthony! C&rsquo;\u00e9tait pr\u00e9vu, nous nous sommes connect\u00e9s \u00e0 15h et nous avons \u00e9chang\u00e9 avec lui pendant 45 minutes. C&rsquo;\u00e9tait tr\u00e8s bien de pouvoir parler avec lui en direct! &hellip; <a href=\"https:\/\/www.imelasavoie.fr\/?p=30792\">Continuer la lecture <span class=\"meta-nav\">&rarr;<\/span><\/a><\/p>\n","protected":false},"author":13,"featured_media":0,"comment_status":"open","ping_status":"closed","sticky":false,"template":"","format":"standard","meta":{"footnotes":""},"categories":[1],"tags":[],"class_list":["post-30792","post","type-post","status-publish","format-standard","hentry","category-non-classe"],"_links":{"self":[{"href":"https:\/\/www.imelasavoie.fr\/index.php?rest_route=\/wp\/v2\/posts\/30792","targetHints":{"allow":["GET"]}}],"collection":[{"href":"https:\/\/www.imelasavoie.fr\/index.php?rest_route=\/wp\/v2\/posts"}],"about":[{"href":"https:\/\/www.imelasavoie.fr\/index.php?rest_route=\/wp\/v2\/types\/post"}],"author":[{"embeddable":true,"href":"https:\/\/www.imelasavoie.fr\/index.php?rest_route=\/wp\/v2\/users\/13"}],"replies":[{"embeddable":true,"href":"https:\/\/www.imelasavoie.fr\/index.php?rest_route=%2Fwp%2Fv2%2Fcomments&post=30792"}],"version-history":[{"count":3,"href":"https:\/\/www.imelasavoie.fr\/index.php?rest_route=\/wp\/v2\/posts\/30792\/revisions"}],"predecessor-version":[{"id":30820,"href":"https:\/\/www.imelasavoie.fr\/index.php?rest_route=\/wp\/v2\/posts\/30792\/revisions\/30820"}],"wp:attachment":[{"href":"https:\/\/www.imelasavoie.fr\/index.php?rest_route=%2Fwp%2Fv2%2Fmedia&parent=30792"}],"wp:term":[{"taxonomy":"category","embeddable":true,"href":"https:\/\/www.imelasavoie.fr\/index.php?rest_route=%2Fwp%2Fv2%2Fcategories&post=30792"},{"taxonomy":"post_tag","embeddable":true,"href":"https:\/\/www.imelasavoie.fr\/index.php?rest_route=%2Fwp%2Fv2%2Ftags&post=30792"}],"curies":[{"name":"wp","href":"https:\/\/api.w.org\/{rel}","templated":true}]}}