{"id":30800,"date":"2025-11-25T15:26:18","date_gmt":"2025-11-25T13:26:18","guid":{"rendered":"https:\/\/www.imelasavoie.fr\/?p=30800"},"modified":"2025-11-25T17:03:16","modified_gmt":"2025-11-25T15:03:16","slug":"theatre-spectacle-monarque","status":"publish","type":"post","link":"https:\/\/www.imelasavoie.fr\/?p=30800","title":{"rendered":"[Th\u00e9\u00e2tre] Spectacle \u00ab\u00a0Monarque\u00a0\u00bb"},"content":{"rendered":"\n<p>Jeudi 13 novembre, nous sommes all\u00e9s \u00e0 Bourg en Bresse pour voir un spectacle de th\u00e9\u00e2tre qui s\u2019appelait Monarque. Comme le spectacle commen\u00e7ait \u00e0 20h, nous avons mang\u00e9 \u00e0 17h45 sur le D1 avec des Wraps et des Yop en dessert. C\u2019\u00e9tait tr\u00e8s bon. <\/p>\n\n\n\n<p>Nous sommes partis avec le bus 22 places conduit par Adrien \u00e0 18h20. Monsieur Lan\u00e7on et Lolita nous accompagnaient \u00e9galement pour cette soir\u00e9e. Nous sommes arriv\u00e9s \u00e0 Bourg en Bresse \u00e0 19h30. Nous nous sommes gar\u00e9s sur le parking o\u00f9 il y avait une vogue avec des grands man\u00e8ges avec beaucoup de lumi\u00e8re et de la musique. <\/p>\n\n\n\n<p>Nous avons march\u00e9 jusqu\u2019au th\u00e9\u00e2tre national de Bourg en Bresse. <\/p>\n\n\n\n<figure class=\"wp-block-image size-full\"><a href=\"https:\/\/www.imelasavoie.fr\/wp-content\/uploads\/2025\/11\/Scene-Nationale-theatre-de-Bourg-en-Bresse-spectacles-jeune-public-Kidklik-Ain.png\"><img loading=\"lazy\" decoding=\"async\" width=\"650\" height=\"325\" src=\"https:\/\/www.imelasavoie.fr\/wp-content\/uploads\/2025\/11\/Scene-Nationale-theatre-de-Bourg-en-Bresse-spectacles-jeune-public-Kidklik-Ain.png\" alt=\"\" class=\"wp-image-30804\" srcset=\"https:\/\/www.imelasavoie.fr\/wp-content\/uploads\/2025\/11\/Scene-Nationale-theatre-de-Bourg-en-Bresse-spectacles-jeune-public-Kidklik-Ain.png 650w, https:\/\/www.imelasavoie.fr\/wp-content\/uploads\/2025\/11\/Scene-Nationale-theatre-de-Bourg-en-Bresse-spectacles-jeune-public-Kidklik-Ain-300x150.png 300w\" sizes=\"auto, (max-width: 650px) 100vw, 650px\" \/><\/a><\/figure>\n\n\n\n<p>Nous avons pris nos billets et nous nous sommes install\u00e9s dans la grande salle du th\u00e9\u00e2tre. Il y avait \u00e9norm\u00e9ment de si\u00e8ges rouge confortables. La salle \u00e9tait remplie. Il n\u2019y avait plus de places libres.<\/p>\n\n\n\n<figure class=\"wp-block-embed is-type-video is-provider-youtube wp-block-embed-youtube wp-embed-aspect-16-9 wp-has-aspect-ratio\"><div class=\"wp-block-embed__wrapper\">\n<iframe loading=\"lazy\" title=\"Le Th\u00e9\u00e2tre de Bourg-en-Bresse\" width=\"640\" height=\"360\" src=\"https:\/\/www.youtube.com\/embed\/4PCw_7yrX0A?feature=oembed\" frameborder=\"0\" allow=\"accelerometer; autoplay; clipboard-write; encrypted-media; gyroscope; picture-in-picture; web-share\" referrerpolicy=\"strict-origin-when-cross-origin\" allowfullscreen><\/iframe>\n<\/div><\/figure>\n\n\n\n<p>A 20h05, le spectacle a commenc\u00e9 avec une vid\u00e9o qui parlait des papillons migrateurs, les monarques, qui volent librement entre la Canada et le Mexique. Parfois, lors de leur migration les papillons se blessent et des personnes les soignent pour qu\u2019ils puissent \u00e0 nouveau voler librement.<\/p>\n\n\n\n<p>De la m\u00eame mani\u00e8re, des hommes, des femmes et des enfants, des migrants,&nbsp;traversent l\u2019Am\u00e9rique pour une vie meilleure. Ils empruntent un \u00e9norme train de marchandises. Ils grimpent sur le toit des wagons pour passer les fronti\u00e8res de mani\u00e8re clandestine<em>.<\/em><\/p>\n\n\n\n<p>Remi P&nbsp;: J\u2019ai bien aim\u00e9 ce spectacle. Ce qui m\u2019a le plus surpris, c\u2019est quand il y avait l\u2019orage et les \u00e9clairs et quand l\u2019homme avec le parachute en forme de monarque est venu pour aider un migrant.<\/p>\n\n\n<div class=\"wp-block-image\">\n<figure class=\"aligncenter size-full is-resized\"><a href=\"https:\/\/www.imelasavoie.fr\/wp-content\/uploads\/2025\/11\/251010_rdl_0626.jpg.webp\"><img loading=\"lazy\" decoding=\"async\" width=\"505\" height=\"667\" src=\"https:\/\/www.imelasavoie.fr\/wp-content\/uploads\/2025\/11\/251010_rdl_0626.jpg.webp\" alt=\"\" class=\"wp-image-30806\" style=\"width:538px;height:auto\" srcset=\"https:\/\/www.imelasavoie.fr\/wp-content\/uploads\/2025\/11\/251010_rdl_0626.jpg.webp 505w, https:\/\/www.imelasavoie.fr\/wp-content\/uploads\/2025\/11\/251010_rdl_0626.jpg-227x300.webp 227w\" sizes=\"auto, (max-width: 505px) 100vw, 505px\" \/><\/a><\/figure>\n<\/div>\n\n\n<p>Camille&nbsp;: J\u2019ai aim\u00e9 le d\u00e9but sur les papillons. Le reste, je n\u2019ai pas trop aim\u00e9. C\u2019\u00e9tait une histoire triste car le migrant \u00e9tait \u00e0 la recherche de son fr\u00e8re qu\u2019il avait perdu. J\u2019ai ressenti de la joie car il y avait des papillons.&nbsp;&nbsp; Et c&rsquo;\u00e9tait tr\u00e8s beau car j\u2019aime bien ces sortes de papillons.<\/p>\n\n\n\n<figure class=\"wp-block-image size-full\"><a href=\"https:\/\/www.imelasavoie.fr\/wp-content\/uploads\/2025\/11\/251010_rdl_0016.jpg.webp\"><img loading=\"lazy\" decoding=\"async\" width=\"1000\" height=\"667\" src=\"https:\/\/www.imelasavoie.fr\/wp-content\/uploads\/2025\/11\/251010_rdl_0016.jpg.webp\" alt=\"\" class=\"wp-image-30807\" srcset=\"https:\/\/www.imelasavoie.fr\/wp-content\/uploads\/2025\/11\/251010_rdl_0016.jpg.webp 1000w, https:\/\/www.imelasavoie.fr\/wp-content\/uploads\/2025\/11\/251010_rdl_0016.jpg-300x200.webp 300w, https:\/\/www.imelasavoie.fr\/wp-content\/uploads\/2025\/11\/251010_rdl_0016.jpg-768x512.webp 768w\" sizes=\"auto, (max-width: 1000px) 100vw, 1000px\" \/><\/a><\/figure>\n\n\n\n<p>L\u00e9na\u00a0: Moi, j\u2019avais peur au d\u00e9but car je pensais qu\u2019il allait y avoir des papillons dans la salle.\u00a0 J\u2019ai peur des insectes et notamment des araign\u00e9es et aussi des papillons. Du coup, je n\u2019\u00e9tais pas tr\u00e8s rassur\u00e9e et j\u2019ai demand\u00e9 \u00e0 monsieur Lan\u00e7on s\u2019il allait y avoir des papillons dans la salle. Heureusement, non\u00a0! J\u2019ai eu peur pendant l\u2019orage, quand il a parl\u00e9 fort. J\u2019ai bien aim\u00e9 ce spectacle \u00e9mouvant. Ce qui m\u2019a le plus impressionn\u00e9, c\u2019est quand les rideaux se sont lev\u00e9s et que j\u2019ai vu le train. Ce qui m\u2019a fait de la peine, c\u2019est quand il y avait une femme enceinte qui ne voulait pas que son enfant sorte tout de suite car sinon, sur le train, il allait se blesser ou mourir. La pauvret\u00e9, le fait qu&rsquo;ils n&rsquo;aient rien \u00e0 boire ou \u00e0 manger, qu&rsquo;ils n&rsquo;aient pas de v\u00eatements chauds, \u00e7a m&rsquo;a fait de la peine. \u00c7a m&rsquo;a donn\u00e9 envie de les aider.<\/p>\n\n\n\n<figure class=\"wp-block-image size-full\"><a href=\"https:\/\/www.imelasavoie.fr\/wp-content\/uploads\/2025\/11\/251010_rdl_0507.jpg.webp\"><img loading=\"lazy\" decoding=\"async\" width=\"667\" height=\"1000\" src=\"https:\/\/www.imelasavoie.fr\/wp-content\/uploads\/2025\/11\/251010_rdl_0507.jpg.webp\" alt=\"\" class=\"wp-image-30808\" srcset=\"https:\/\/www.imelasavoie.fr\/wp-content\/uploads\/2025\/11\/251010_rdl_0507.jpg.webp 667w, https:\/\/www.imelasavoie.fr\/wp-content\/uploads\/2025\/11\/251010_rdl_0507.jpg-200x300.webp 200w\" sizes=\"auto, (max-width: 667px) 100vw, 667px\" \/><\/a><\/figure>\n\n\n\n<figure class=\"wp-block-image size-full\"><a href=\"https:\/\/www.imelasavoie.fr\/wp-content\/uploads\/2025\/11\/251010_rdl_0152.jpg.webp\"><img loading=\"lazy\" decoding=\"async\" width=\"1000\" height=\"667\" src=\"https:\/\/www.imelasavoie.fr\/wp-content\/uploads\/2025\/11\/251010_rdl_0152.jpg.webp\" alt=\"\" class=\"wp-image-30812\" srcset=\"https:\/\/www.imelasavoie.fr\/wp-content\/uploads\/2025\/11\/251010_rdl_0152.jpg.webp 1000w, https:\/\/www.imelasavoie.fr\/wp-content\/uploads\/2025\/11\/251010_rdl_0152.jpg-300x200.webp 300w, https:\/\/www.imelasavoie.fr\/wp-content\/uploads\/2025\/11\/251010_rdl_0152.jpg-768x512.webp 768w\" sizes=\"auto, (max-width: 1000px) 100vw, 1000px\" \/><\/a><\/figure>\n\n\n\n<p>Enzo: Moi, j\u2019ai bien aim\u00e9 quand on \u00e9tait tous assis tranquillement dans la salle de th\u00e9\u00e2tre. Au d\u00e9but, j\u2019\u00e9tais dans mon imagination. J&rsquo;avais l&rsquo;impression que c\u2019\u00e9tait dans la vraie vie tellement c\u2019\u00e9tait bien fait. Le train de marchandises pour transporter des pierres&#8230; mais lui il transportait aussi des migrants. J\u2019ai pleur\u00e9 \u00e0 un moment quand le migrant a r\u00e9ussi \u00e0 s\u2019envoler dans les nuages et passer la fronti\u00e8re des \u00c9tats-Unis.<\/p>\n\n\n\n<figure class=\"wp-block-image size-full\"><a href=\"https:\/\/www.imelasavoie.fr\/wp-content\/uploads\/2025\/11\/251010_rdl_0002.jpg.webp\"><img loading=\"lazy\" decoding=\"async\" width=\"1000\" height=\"667\" src=\"https:\/\/www.imelasavoie.fr\/wp-content\/uploads\/2025\/11\/251010_rdl_0002.jpg.webp\" alt=\"\" class=\"wp-image-30810\" srcset=\"https:\/\/www.imelasavoie.fr\/wp-content\/uploads\/2025\/11\/251010_rdl_0002.jpg.webp 1000w, https:\/\/www.imelasavoie.fr\/wp-content\/uploads\/2025\/11\/251010_rdl_0002.jpg-300x200.webp 300w, https:\/\/www.imelasavoie.fr\/wp-content\/uploads\/2025\/11\/251010_rdl_0002.jpg-768x512.webp 768w\" sizes=\"auto, (max-width: 1000px) 100vw, 1000px\" \/><\/a><\/figure>\n\n\n\n<p>James&nbsp;: J\u2019ai aim\u00e9 que le d\u00e9but avec les vid\u00e9os sur les papillons. J\u2019ai eu du mal \u00e0 comprendre quand les migrants parlaient. J\u2019avais l\u2019impression qu\u2019ils ne parlaient pas fran\u00e7ais. J\u2019ai trouv\u00e9 aussi que le spectacle \u00e9tait long.&nbsp;&nbsp;&nbsp;&nbsp;&nbsp;&nbsp;&nbsp;<\/p>\n\n\n\n<figure class=\"wp-block-image size-full\"><a href=\"https:\/\/www.imelasavoie.fr\/wp-content\/uploads\/2025\/11\/251010_rdl_0267.jpg.webp\"><img loading=\"lazy\" decoding=\"async\" width=\"1000\" height=\"667\" src=\"https:\/\/www.imelasavoie.fr\/wp-content\/uploads\/2025\/11\/251010_rdl_0267.jpg.webp\" alt=\"\" class=\"wp-image-30811\" srcset=\"https:\/\/www.imelasavoie.fr\/wp-content\/uploads\/2025\/11\/251010_rdl_0267.jpg.webp 1000w, https:\/\/www.imelasavoie.fr\/wp-content\/uploads\/2025\/11\/251010_rdl_0267.jpg-300x200.webp 300w, https:\/\/www.imelasavoie.fr\/wp-content\/uploads\/2025\/11\/251010_rdl_0267.jpg-768x512.webp 768w\" sizes=\"auto, (max-width: 1000px) 100vw, 1000px\" \/><\/a><\/figure>\n\n\n\n<p>Deux interviews du metteur en sc\u00e8ne, Emmanuel Meirieu:<\/p>\n\n\n\n<figure class=\"wp-block-embed is-type-video is-provider-youtube wp-block-embed-youtube wp-embed-aspect-16-9 wp-has-aspect-ratio\"><div class=\"wp-block-embed__wrapper\">\n<iframe loading=\"lazy\" title=\"&quot;Ce spectacle est comme un hymne \u00e0 ces papillons et ces \u00eatres humains. Une fa\u00e7on de les c\u00e9l\u00e9brer&quot;\" width=\"640\" height=\"360\" src=\"https:\/\/www.youtube.com\/embed\/XehIRYJ2vLk?start=23&#038;feature=oembed\" frameborder=\"0\" allow=\"accelerometer; autoplay; clipboard-write; encrypted-media; gyroscope; picture-in-picture; web-share\" referrerpolicy=\"strict-origin-when-cross-origin\" allowfullscreen><\/iframe>\n<\/div><\/figure>\n\n\n\n<figure class=\"wp-block-embed is-type-video is-provider-youtube wp-block-embed-youtube wp-embed-aspect-16-9 wp-has-aspect-ratio\"><div class=\"wp-block-embed__wrapper\">\n<iframe loading=\"lazy\" title=\"[INTERVIEW] Emmanuel Meirieu pour Monarques\" width=\"640\" height=\"360\" src=\"https:\/\/www.youtube.com\/embed\/5oEgRlx6xqg?feature=oembed\" frameborder=\"0\" allow=\"accelerometer; autoplay; clipboard-write; encrypted-media; gyroscope; picture-in-picture; web-share\" referrerpolicy=\"strict-origin-when-cross-origin\" allowfullscreen><\/iframe>\n<\/div><\/figure>\n\n\n\n<p>Teaser du spectacle:<\/p>\n\n\n\n<figure class=\"wp-block-embed is-type-video is-provider-youtube wp-block-embed-youtube wp-embed-aspect-16-9 wp-has-aspect-ratio\"><div class=\"wp-block-embed__wrapper\">\n<iframe loading=\"lazy\" title=\"Monarques \/ Emmanuel Meirieu - teaser\" width=\"640\" height=\"360\" src=\"https:\/\/www.youtube.com\/embed\/OHQycleimZI?feature=oembed\" frameborder=\"0\" allow=\"accelerometer; autoplay; clipboard-write; encrypted-media; gyroscope; picture-in-picture; web-share\" referrerpolicy=\"strict-origin-when-cross-origin\" allowfullscreen><\/iframe>\n<\/div><\/figure>\n\n\n\n<p class=\"has-text-align-center\">Recopie de la trace \u00e9crite par Enzo G pour la classe Mandela 2<\/p>\n","protected":false},"excerpt":{"rendered":"<p>Jeudi 13 novembre, nous sommes all\u00e9s \u00e0 Bourg en Bresse pour voir un spectacle de th\u00e9\u00e2tre qui s\u2019appelait Monarque. Comme le spectacle commen\u00e7ait \u00e0 20h, nous avons mang\u00e9 \u00e0 17h45 sur le D1 avec des Wraps et des Yop en &hellip; <a href=\"https:\/\/www.imelasavoie.fr\/?p=30800\">Continuer la lecture <span class=\"meta-nav\">&rarr;<\/span><\/a><\/p>\n","protected":false},"author":1,"featured_media":0,"comment_status":"open","ping_status":"closed","sticky":false,"template":"","format":"standard","meta":{"footnotes":""},"categories":[56,57,58],"tags":[],"class_list":["post-30800","post","type-post","status-publish","format-standard","hentry","category-les-classes-et-ateliers","category-mandela1","category-mandela2"],"_links":{"self":[{"href":"https:\/\/www.imelasavoie.fr\/index.php?rest_route=\/wp\/v2\/posts\/30800","targetHints":{"allow":["GET"]}}],"collection":[{"href":"https:\/\/www.imelasavoie.fr\/index.php?rest_route=\/wp\/v2\/posts"}],"about":[{"href":"https:\/\/www.imelasavoie.fr\/index.php?rest_route=\/wp\/v2\/types\/post"}],"author":[{"embeddable":true,"href":"https:\/\/www.imelasavoie.fr\/index.php?rest_route=\/wp\/v2\/users\/1"}],"replies":[{"embeddable":true,"href":"https:\/\/www.imelasavoie.fr\/index.php?rest_route=%2Fwp%2Fv2%2Fcomments&post=30800"}],"version-history":[{"count":10,"href":"https:\/\/www.imelasavoie.fr\/index.php?rest_route=\/wp\/v2\/posts\/30800\/revisions"}],"predecessor-version":[{"id":30819,"href":"https:\/\/www.imelasavoie.fr\/index.php?rest_route=\/wp\/v2\/posts\/30800\/revisions\/30819"}],"wp:attachment":[{"href":"https:\/\/www.imelasavoie.fr\/index.php?rest_route=%2Fwp%2Fv2%2Fmedia&parent=30800"}],"wp:term":[{"taxonomy":"category","embeddable":true,"href":"https:\/\/www.imelasavoie.fr\/index.php?rest_route=%2Fwp%2Fv2%2Fcategories&post=30800"},{"taxonomy":"post_tag","embeddable":true,"href":"https:\/\/www.imelasavoie.fr\/index.php?rest_route=%2Fwp%2Fv2%2Ftags&post=30800"}],"curies":[{"name":"wp","href":"https:\/\/api.w.org\/{rel}","templated":true}]}}