{"id":30822,"date":"2025-12-01T15:31:00","date_gmt":"2025-12-01T13:31:00","guid":{"rendered":"https:\/\/www.imelasavoie.fr\/?p=30822"},"modified":"2025-12-01T15:31:00","modified_gmt":"2025-12-01T13:31:00","slug":"1er-decembre-reponse-danthony-a-la-classe-mandela-2","status":"publish","type":"post","link":"https:\/\/www.imelasavoie.fr\/?p=30822","title":{"rendered":"1er d\u00e9cembre: r\u00e9ponse d&rsquo;Anthony \u00e0 la classe Mandela 2"},"content":{"rendered":"\n<p>Petit rappel de la question de la classe Mandela 2 pos\u00e9e \u00e0 Anthony la semaine derni\u00e8re:<\/p>\n\n\n\n<p>Bonjour Anthony,<\/p>\n\n\n\n<p>Nous allons tous tr\u00e8s bien. Depuis mercredi soir, nous avons beaucoup de neige \u00e0 Hauteville et il fait tr\u00e8s froid. Et toi, quelle m\u00e9t\u00e9o as-tu en Espagne.<\/p>\n\n\n\n<p>Nous te remercions beaucoup pour toutes tes r\u00e9ponses.<\/p>\n\n\n\n<p>Bonne continuation et \u00e0 tr\u00e8s bient\u00f4t,<\/p>\n\n\n\n<p>Les \u00e9l\u00e8ves de Mandela 2<\/p>\n\n\n\n<p>R\u00e9ponse d&rsquo;Anthony ce lundi 1er d\u00e9cembre:<\/p>\n\n\n\n<p>Buenos dias la classe Mandela 2 !<br>Merci pour vos nouvelles rafra\u00eechissantes.<br>Je suis en Espagne depuis un mois et il n&rsquo;a plu que deux fois (la nuit).<br>La m\u00e9t\u00e9o est encore tr\u00e8s cl\u00e9mente, il y a tous les jours du soleil, avec une temp\u00e9rature d&rsquo;environ 20 degr\u00e9s la journ\u00e9e, m\u00eame s&rsquo;il y a parfois un petit peu de vent frais.<br>\u00c7a me fait un peu bizarre d&rsquo;\u00eatre fin novembre et de faire encore du v\u00e9lo en sandales pieds nus, short et t-shirt (avec quand m\u00eame un pull le matin).<br>Par contre, les nuits commencent \u00e0 \u00eatre un peu fra\u00eeche, disons que je suis bien dans mon sac de couchage.<br>Pour info, j ai envoy\u00e9 le message ce matin, et l\u00e0 il pleut l\u00e9g\u00e8rement !!! \u00c7a ne va pas \u00eatre m\u00e9chant ni durer trop longtemps mais premi\u00e8re pluie espagnole en journ\u00e9e !<\/p>\n","protected":false},"excerpt":{"rendered":"<p>Petit rappel de la question de la classe Mandela 2 pos\u00e9e \u00e0 Anthony la semaine derni\u00e8re: Bonjour Anthony, Nous allons tous tr\u00e8s bien. Depuis mercredi soir, nous avons beaucoup de neige \u00e0 Hauteville et il fait tr\u00e8s froid. Et toi, &hellip; <a href=\"https:\/\/www.imelasavoie.fr\/?p=30822\">Continuer la lecture <span class=\"meta-nav\">&rarr;<\/span><\/a><\/p>\n","protected":false},"author":13,"featured_media":0,"comment_status":"open","ping_status":"closed","sticky":false,"template":"","format":"standard","meta":{"footnotes":""},"categories":[1],"tags":[],"class_list":["post-30822","post","type-post","status-publish","format-standard","hentry","category-non-classe"],"_links":{"self":[{"href":"https:\/\/www.imelasavoie.fr\/index.php?rest_route=\/wp\/v2\/posts\/30822","targetHints":{"allow":["GET"]}}],"collection":[{"href":"https:\/\/www.imelasavoie.fr\/index.php?rest_route=\/wp\/v2\/posts"}],"about":[{"href":"https:\/\/www.imelasavoie.fr\/index.php?rest_route=\/wp\/v2\/types\/post"}],"author":[{"embeddable":true,"href":"https:\/\/www.imelasavoie.fr\/index.php?rest_route=\/wp\/v2\/users\/13"}],"replies":[{"embeddable":true,"href":"https:\/\/www.imelasavoie.fr\/index.php?rest_route=%2Fwp%2Fv2%2Fcomments&post=30822"}],"version-history":[{"count":1,"href":"https:\/\/www.imelasavoie.fr\/index.php?rest_route=\/wp\/v2\/posts\/30822\/revisions"}],"predecessor-version":[{"id":30823,"href":"https:\/\/www.imelasavoie.fr\/index.php?rest_route=\/wp\/v2\/posts\/30822\/revisions\/30823"}],"wp:attachment":[{"href":"https:\/\/www.imelasavoie.fr\/index.php?rest_route=%2Fwp%2Fv2%2Fmedia&parent=30822"}],"wp:term":[{"taxonomy":"category","embeddable":true,"href":"https:\/\/www.imelasavoie.fr\/index.php?rest_route=%2Fwp%2Fv2%2Fcategories&post=30822"},{"taxonomy":"post_tag","embeddable":true,"href":"https:\/\/www.imelasavoie.fr\/index.php?rest_route=%2Fwp%2Fv2%2Ftags&post=30822"}],"curies":[{"name":"wp","href":"https:\/\/api.w.org\/{rel}","templated":true}]}}