{"id":30824,"date":"2025-12-01T17:52:40","date_gmt":"2025-12-01T15:52:40","guid":{"rendered":"https:\/\/www.imelasavoie.fr\/?p=30824"},"modified":"2025-12-01T17:52:40","modified_gmt":"2025-12-01T15:52:40","slug":"velespagna-3","status":"publish","type":"post","link":"https:\/\/www.imelasavoie.fr\/?p=30824","title":{"rendered":"Vel&rsquo;Espagna 3"},"content":{"rendered":"\n<figure class=\"wp-block-image size-large\"><a href=\"https:\/\/www.imelasavoie.fr\/wp-content\/uploads\/2025\/12\/image.png\"><img loading=\"lazy\" decoding=\"async\" width=\"1024\" height=\"473\" src=\"https:\/\/www.imelasavoie.fr\/wp-content\/uploads\/2025\/12\/image-1024x473.png\" alt=\"\" class=\"wp-image-30825\" srcset=\"https:\/\/www.imelasavoie.fr\/wp-content\/uploads\/2025\/12\/image-1024x473.png 1024w, https:\/\/www.imelasavoie.fr\/wp-content\/uploads\/2025\/12\/image-300x138.png 300w, https:\/\/www.imelasavoie.fr\/wp-content\/uploads\/2025\/12\/image-768x354.png 768w, https:\/\/www.imelasavoie.fr\/wp-content\/uploads\/2025\/12\/image-1536x709.png 1536w, https:\/\/www.imelasavoie.fr\/wp-content\/uploads\/2025\/12\/image.png 2000w\" sizes=\"auto, (max-width: 1024px) 100vw, 1024px\" \/><\/a><\/figure>\n\n\n\n<p>Cette semaine, Anthony a poursuivi sa route, de Tabernas (pr\u00e8s du d\u00e9sert du m\u00eame nom) \u00e0 Malaga, apr\u00e8s s&rsquo;\u00eatre repos\u00e9 deux jours dans un camping. Il nous a appris que Malaga est la ville o\u00f9 est n\u00e9 le peintre Picasso.<\/p>\n\n\n\n<p>Il a travers\u00e9 une r\u00e9gion o\u00f9 il y a \u00e9norm\u00e9ment de serres!<\/p>\n\n\n\n<figure class=\"wp-block-image size-large\"><a href=\"https:\/\/www.imelasavoie.fr\/wp-content\/uploads\/2025\/12\/image-1.png\"><img loading=\"lazy\" decoding=\"async\" width=\"1024\" height=\"473\" src=\"https:\/\/www.imelasavoie.fr\/wp-content\/uploads\/2025\/12\/image-1-1024x473.png\" alt=\"\" class=\"wp-image-30826\" srcset=\"https:\/\/www.imelasavoie.fr\/wp-content\/uploads\/2025\/12\/image-1-1024x473.png 1024w, https:\/\/www.imelasavoie.fr\/wp-content\/uploads\/2025\/12\/image-1-300x138.png 300w, https:\/\/www.imelasavoie.fr\/wp-content\/uploads\/2025\/12\/image-1-768x354.png 768w, https:\/\/www.imelasavoie.fr\/wp-content\/uploads\/2025\/12\/image-1-1536x709.png 1536w, https:\/\/www.imelasavoie.fr\/wp-content\/uploads\/2025\/12\/image-1.png 2048w\" sizes=\"auto, (max-width: 1024px) 100vw, 1024px\" \/><\/a><\/figure>\n\n\n\n<p>Il a vu beaucoup de tr\u00e8s belles plages et des stations baln\u00e9aires (villes touristiques en bord de mer) o\u00f9 se trouvent en ce moment beaucoup d&rsquo;allemands en camping-car.<\/p>\n\n\n\n<figure class=\"wp-block-image size-large\"><a href=\"https:\/\/www.imelasavoie.fr\/wp-content\/uploads\/2025\/12\/image-2.png\"><img loading=\"lazy\" decoding=\"async\" width=\"1024\" height=\"473\" src=\"https:\/\/www.imelasavoie.fr\/wp-content\/uploads\/2025\/12\/image-2-1024x473.png\" alt=\"\" class=\"wp-image-30827\" srcset=\"https:\/\/www.imelasavoie.fr\/wp-content\/uploads\/2025\/12\/image-2-1024x473.png 1024w, https:\/\/www.imelasavoie.fr\/wp-content\/uploads\/2025\/12\/image-2-300x138.png 300w, https:\/\/www.imelasavoie.fr\/wp-content\/uploads\/2025\/12\/image-2-768x354.png 768w, https:\/\/www.imelasavoie.fr\/wp-content\/uploads\/2025\/12\/image-2-1536x709.png 1536w, https:\/\/www.imelasavoie.fr\/wp-content\/uploads\/2025\/12\/image-2.png 2000w\" sizes=\"auto, (max-width: 1024px) 100vw, 1024px\" \/><\/a><\/figure>\n\n\n\n<p>Aujourd&rsquo;hui, nous avons fait la \u00ab\u00a0carte d&rsquo;identit\u00e9\u00a0\u00bb de l&rsquo;Espagne, comme nous l&rsquo;avions fait pour l&rsquo;Italie. Voici nos informations dans le tableau ci-dessous:<\/p>\n\n\n\n<figure class=\"wp-block-table\"><table class=\"has-fixed-layout\"><tbody><tr><td>&nbsp;<\/td><td>Espagne<\/td><td>France (comparaison)<\/td><\/tr><tr><td>Nom officiel<\/td><td>Espana (prononcer Espagna)<\/td><td>France<\/td><\/tr><tr><td>Superficie (en km\u00b2)<\/td><td>506000 km\u00b2<\/td><td>670000km\u00b2<\/td><\/tr><tr><td>Nombre d\u2019habitants<\/td><td>49 millions<\/td><td>68 millions<\/td><\/tr><tr><td>Capitale (avec le nombre d\u2019habitants)<\/td><td>Madrid (3,4 millions)<\/td><td>Paris (11 millions)<\/td><\/tr><tr><td>Villes principales<\/td><td>Barcelone, Malaga, S\u00e9ville, Valence, Bilbao<\/td><td>Lyon, Marseille, Bordeaux, Lille, Strasbourg<\/td><\/tr><tr><td>Langue officielle<\/td><td>Espagnol<\/td><td>Fran\u00e7ais<\/td><\/tr><tr><td>Monnaie<\/td><td>Euro<\/td><td>Euro<\/td><\/tr><tr><td>Religion(s)<\/td><td>Chr\u00e9tiens (54%), Islam (4%), &nbsp;Sans (42%)<\/td><td>Chr\u00e9tiens (40%), Islam (10%), &nbsp;Sans (50%)<\/td><\/tr><tr><td>PIB par habitant<\/td><td>37000 dollars (33<sup>e<\/sup> rang mondial)<\/td><td>44000 dollars (19<sup>e<\/sup> rang mondial)<\/td><\/tr><tr><td>Esp\u00e9rance de vie moyenne<\/td><td>84 ans<\/td><td>83,6 ans<\/td><\/tr><tr><td>Noms de pays-fronti\u00e8re<\/td><td>France, Andorre, Portugal<\/td><td>Espagne, Andorre, Belgique, Luxembourg, Allemagne, Suisse, Italie<\/td><\/tr><tr><td>Noms des mers et oc\u00e9ans qui touchent l\u2019Espagne<\/td><td>Mer M\u00e9diterran\u00e9e, Oc\u00e9an Atlantique<\/td><td>Mer du Nord, Oc\u00e9an Atlantique, mer M\u00e9diterran\u00e9e<\/td><\/tr><tr><td>Le plus haut sommet<\/td><td>Le&nbsp;mont Mulhac\u00e9n (3479m)<\/td><td>Mont-Blanc (4810m)<\/td><\/tr><tr><td>&nbsp;<\/td><td>&nbsp;<\/td><td>&nbsp;<\/td><\/tr><tr><td>&nbsp;<\/td><td>&nbsp;<\/td><td>&nbsp;<\/td><\/tr><\/tbody><\/table><\/figure>\n\n\n\n<p>A la semaine prochaine pour la suite de V\u00e9l&rsquo;Espagna!<\/p>\n\n\n\n<p>La classe Dinamo 1<\/p>\n","protected":false},"excerpt":{"rendered":"<p>Cette semaine, Anthony a poursuivi sa route, de Tabernas (pr\u00e8s du d\u00e9sert du m\u00eame nom) \u00e0 Malaga, apr\u00e8s s&rsquo;\u00eatre repos\u00e9 deux jours dans un camping. Il nous a appris que Malaga est la ville o\u00f9 est n\u00e9 le peintre Picasso. &hellip; <a href=\"https:\/\/www.imelasavoie.fr\/?p=30824\">Continuer la lecture <span class=\"meta-nav\">&rarr;<\/span><\/a><\/p>\n","protected":false},"author":13,"featured_media":0,"comment_status":"open","ping_status":"closed","sticky":false,"template":"","format":"standard","meta":{"footnotes":""},"categories":[1],"tags":[],"class_list":["post-30824","post","type-post","status-publish","format-standard","hentry","category-non-classe"],"_links":{"self":[{"href":"https:\/\/www.imelasavoie.fr\/index.php?rest_route=\/wp\/v2\/posts\/30824","targetHints":{"allow":["GET"]}}],"collection":[{"href":"https:\/\/www.imelasavoie.fr\/index.php?rest_route=\/wp\/v2\/posts"}],"about":[{"href":"https:\/\/www.imelasavoie.fr\/index.php?rest_route=\/wp\/v2\/types\/post"}],"author":[{"embeddable":true,"href":"https:\/\/www.imelasavoie.fr\/index.php?rest_route=\/wp\/v2\/users\/13"}],"replies":[{"embeddable":true,"href":"https:\/\/www.imelasavoie.fr\/index.php?rest_route=%2Fwp%2Fv2%2Fcomments&post=30824"}],"version-history":[{"count":1,"href":"https:\/\/www.imelasavoie.fr\/index.php?rest_route=\/wp\/v2\/posts\/30824\/revisions"}],"predecessor-version":[{"id":30828,"href":"https:\/\/www.imelasavoie.fr\/index.php?rest_route=\/wp\/v2\/posts\/30824\/revisions\/30828"}],"wp:attachment":[{"href":"https:\/\/www.imelasavoie.fr\/index.php?rest_route=%2Fwp%2Fv2%2Fmedia&parent=30824"}],"wp:term":[{"taxonomy":"category","embeddable":true,"href":"https:\/\/www.imelasavoie.fr\/index.php?rest_route=%2Fwp%2Fv2%2Fcategories&post=30824"},{"taxonomy":"post_tag","embeddable":true,"href":"https:\/\/www.imelasavoie.fr\/index.php?rest_route=%2Fwp%2Fv2%2Ftags&post=30824"}],"curies":[{"name":"wp","href":"https:\/\/api.w.org\/{rel}","templated":true}]}}