{"id":30831,"date":"2025-12-10T10:37:53","date_gmt":"2025-12-10T08:37:53","guid":{"rendered":"https:\/\/www.imelasavoie.fr\/?p=30831"},"modified":"2025-12-10T10:44:51","modified_gmt":"2025-12-10T08:44:51","slug":"velespagna-4","status":"publish","type":"post","link":"https:\/\/www.imelasavoie.fr\/?p=30831","title":{"rendered":"V\u00e9l&rsquo;Espagna 4"},"content":{"rendered":"\n<figure class=\"wp-block-image size-large\"><a href=\"https:\/\/www.imelasavoie.fr\/wp-content\/uploads\/2025\/12\/image-4.png\"><img loading=\"lazy\" decoding=\"async\" width=\"1024\" height=\"473\" src=\"https:\/\/www.imelasavoie.fr\/wp-content\/uploads\/2025\/12\/image-4-1024x473.png\" alt=\"\" class=\"wp-image-30833\" srcset=\"https:\/\/www.imelasavoie.fr\/wp-content\/uploads\/2025\/12\/image-4-1024x473.png 1024w, https:\/\/www.imelasavoie.fr\/wp-content\/uploads\/2025\/12\/image-4-300x138.png 300w, https:\/\/www.imelasavoie.fr\/wp-content\/uploads\/2025\/12\/image-4-768x354.png 768w, https:\/\/www.imelasavoie.fr\/wp-content\/uploads\/2025\/12\/image-4-1536x709.png 1536w, https:\/\/www.imelasavoie.fr\/wp-content\/uploads\/2025\/12\/image-4.png 2048w\" sizes=\"auto, (max-width: 1024px) 100vw, 1024px\" \/><\/a><\/figure>\n\n\n\n<p>C&rsquo;est la fin de la descente de l&rsquo;Espagne pour Anthony! Il est arriv\u00e9 \u00e0 Tarifa pour prendre le bateau pour le Maroc o\u00f9 il est depuis ce week-end. Voici un des nombreux villages \u00ab\u00a0blancs\u00a0\u00bb qu&rsquo;il a travers\u00e9 sur la fin de son p\u00e9riple espagnol:<\/p>\n\n\n\n<figure class=\"wp-block-image size-large\"><a href=\"https:\/\/www.imelasavoie.fr\/wp-content\/uploads\/2025\/12\/image-5.png\"><img loading=\"lazy\" decoding=\"async\" width=\"1024\" height=\"473\" src=\"https:\/\/www.imelasavoie.fr\/wp-content\/uploads\/2025\/12\/image-5-1024x473.png\" alt=\"\" class=\"wp-image-30834\" srcset=\"https:\/\/www.imelasavoie.fr\/wp-content\/uploads\/2025\/12\/image-5-1024x473.png 1024w, https:\/\/www.imelasavoie.fr\/wp-content\/uploads\/2025\/12\/image-5-300x138.png 300w, https:\/\/www.imelasavoie.fr\/wp-content\/uploads\/2025\/12\/image-5-768x354.png 768w, https:\/\/www.imelasavoie.fr\/wp-content\/uploads\/2025\/12\/image-5-1536x709.png 1536w, https:\/\/www.imelasavoie.fr\/wp-content\/uploads\/2025\/12\/image-5.png 2000w\" sizes=\"auto, (max-width: 1024px) 100vw, 1024px\" \/><\/a><\/figure>\n\n\n\n<p>Tarifa est une petite ville qui se trouve tout au sud de l&rsquo;Espagne. Cette ville se situe sur le d\u00e9troit de Gibraltar. C&rsquo;est l&rsquo;endroit o\u00f9 se touchent la mer M\u00e9diterran\u00e9e et l&rsquo;oc\u00e9an Atlantique! Il y a 14 kms entre Tarifa (Espagne) et Tanger (Maroc).<\/p>\n\n\n\n<figure class=\"wp-block-image size-large\"><a href=\"https:\/\/www.imelasavoie.fr\/wp-content\/uploads\/2025\/12\/image-7.png\"><img loading=\"lazy\" decoding=\"async\" width=\"1024\" height=\"473\" src=\"https:\/\/www.imelasavoie.fr\/wp-content\/uploads\/2025\/12\/image-7-1024x473.png\" alt=\"\" class=\"wp-image-30836\" srcset=\"https:\/\/www.imelasavoie.fr\/wp-content\/uploads\/2025\/12\/image-7-1024x473.png 1024w, https:\/\/www.imelasavoie.fr\/wp-content\/uploads\/2025\/12\/image-7-300x138.png 300w, https:\/\/www.imelasavoie.fr\/wp-content\/uploads\/2025\/12\/image-7-768x354.png 768w, https:\/\/www.imelasavoie.fr\/wp-content\/uploads\/2025\/12\/image-7-1536x709.png 1536w, https:\/\/www.imelasavoie.fr\/wp-content\/uploads\/2025\/12\/image-7.png 2048w\" sizes=\"auto, (max-width: 1024px) 100vw, 1024px\" \/><\/a><\/figure>\n\n\n\n<p>Tarifa est aussi un lieu tr\u00e8s connu des windsurfeurs et des kitesurfeurs. C&rsquo;est une zone tr\u00e8s vent\u00e9e. On est all\u00e9 voir des vid\u00e9os sur Internet pour d\u00e9couvrir ces activit\u00e9s sportives.<\/p>\n\n\n\n<figure class=\"wp-block-image size-large\"><a href=\"https:\/\/www.imelasavoie.fr\/wp-content\/uploads\/2025\/12\/image-6.png\"><img loading=\"lazy\" decoding=\"async\" width=\"1024\" height=\"472\" src=\"https:\/\/www.imelasavoie.fr\/wp-content\/uploads\/2025\/12\/image-6-1024x472.png\" alt=\"\" class=\"wp-image-30835\" srcset=\"https:\/\/www.imelasavoie.fr\/wp-content\/uploads\/2025\/12\/image-6-1024x472.png 1024w, https:\/\/www.imelasavoie.fr\/wp-content\/uploads\/2025\/12\/image-6-300x138.png 300w, https:\/\/www.imelasavoie.fr\/wp-content\/uploads\/2025\/12\/image-6-768x354.png 768w, https:\/\/www.imelasavoie.fr\/wp-content\/uploads\/2025\/12\/image-6-1536x708.png 1536w, https:\/\/www.imelasavoie.fr\/wp-content\/uploads\/2025\/12\/image-6.png 2048w\" sizes=\"auto, (max-width: 1024px) 100vw, 1024px\" \/><\/a><\/figure>\n\n\n\n<p>Pour cette derni\u00e8re semaine espagnole, nous avons fait un petit panneau pour afficher dans le couloir de l&rsquo;\u00e9cole.<\/p>\n\n\n\n<figure class=\"wp-block-image size-large\"><a href=\"https:\/\/www.imelasavoie.fr\/wp-content\/uploads\/2025\/12\/image-3.png\"><img loading=\"lazy\" decoding=\"async\" width=\"1024\" height=\"768\" src=\"https:\/\/www.imelasavoie.fr\/wp-content\/uploads\/2025\/12\/image-3-1024x768.png\" alt=\"\" class=\"wp-image-30832\" srcset=\"https:\/\/www.imelasavoie.fr\/wp-content\/uploads\/2025\/12\/image-3-1024x768.png 1024w, https:\/\/www.imelasavoie.fr\/wp-content\/uploads\/2025\/12\/image-3-300x225.png 300w, https:\/\/www.imelasavoie.fr\/wp-content\/uploads\/2025\/12\/image-3-768x576.png 768w, https:\/\/www.imelasavoie.fr\/wp-content\/uploads\/2025\/12\/image-3-1536x1152.png 1536w, https:\/\/www.imelasavoie.fr\/wp-content\/uploads\/2025\/12\/image-3-2048x1536.png 2048w\" sizes=\"auto, (max-width: 1024px) 100vw, 1024px\" \/><\/a><\/figure>\n\n\n\n<p>A bient\u00f4t pour V\u00e9l&rsquo;Marocco!!<\/p>\n\n\n\n<p>La classe Dinamo 1<\/p>\n\n\n\n<p><\/p>\n","protected":false},"excerpt":{"rendered":"<p>C&rsquo;est la fin de la descente de l&rsquo;Espagne pour Anthony! Il est arriv\u00e9 \u00e0 Tarifa pour prendre le bateau pour le Maroc o\u00f9 il est depuis ce week-end. Voici un des nombreux villages \u00ab\u00a0blancs\u00a0\u00bb qu&rsquo;il a travers\u00e9 sur la fin &hellip; <a href=\"https:\/\/www.imelasavoie.fr\/?p=30831\">Continuer la lecture <span class=\"meta-nav\">&rarr;<\/span><\/a><\/p>\n","protected":false},"author":13,"featured_media":0,"comment_status":"open","ping_status":"closed","sticky":false,"template":"","format":"standard","meta":{"footnotes":""},"categories":[1],"tags":[],"class_list":["post-30831","post","type-post","status-publish","format-standard","hentry","category-non-classe"],"_links":{"self":[{"href":"https:\/\/www.imelasavoie.fr\/index.php?rest_route=\/wp\/v2\/posts\/30831","targetHints":{"allow":["GET"]}}],"collection":[{"href":"https:\/\/www.imelasavoie.fr\/index.php?rest_route=\/wp\/v2\/posts"}],"about":[{"href":"https:\/\/www.imelasavoie.fr\/index.php?rest_route=\/wp\/v2\/types\/post"}],"author":[{"embeddable":true,"href":"https:\/\/www.imelasavoie.fr\/index.php?rest_route=\/wp\/v2\/users\/13"}],"replies":[{"embeddable":true,"href":"https:\/\/www.imelasavoie.fr\/index.php?rest_route=%2Fwp%2Fv2%2Fcomments&post=30831"}],"version-history":[{"count":3,"href":"https:\/\/www.imelasavoie.fr\/index.php?rest_route=\/wp\/v2\/posts\/30831\/revisions"}],"predecessor-version":[{"id":30863,"href":"https:\/\/www.imelasavoie.fr\/index.php?rest_route=\/wp\/v2\/posts\/30831\/revisions\/30863"}],"wp:attachment":[{"href":"https:\/\/www.imelasavoie.fr\/index.php?rest_route=%2Fwp%2Fv2%2Fmedia&parent=30831"}],"wp:term":[{"taxonomy":"category","embeddable":true,"href":"https:\/\/www.imelasavoie.fr\/index.php?rest_route=%2Fwp%2Fv2%2Fcategories&post=30831"},{"taxonomy":"post_tag","embeddable":true,"href":"https:\/\/www.imelasavoie.fr\/index.php?rest_route=%2Fwp%2Fv2%2Ftags&post=30831"}],"curies":[{"name":"wp","href":"https:\/\/api.w.org\/{rel}","templated":true}]}}