{"id":30838,"date":"2025-12-09T15:33:30","date_gmt":"2025-12-09T13:33:30","guid":{"rendered":"https:\/\/www.imelasavoie.fr\/?p=30838"},"modified":"2025-12-09T17:20:15","modified_gmt":"2025-12-09T15:20:15","slug":"texte-libre-le-defile-des-pompiers-dhauteville-par-cyrielle","status":"publish","type":"post","link":"https:\/\/www.imelasavoie.fr\/?p=30838","title":{"rendered":"[Texte libre] Le d\u00e9fil\u00e9 des pompiers d&rsquo;Hauteville par Cyrielle"},"content":{"rendered":"\n<p>Je vais vous raconter mon samedi.<\/p>\n\n\n\n<p>Samedi matin, je suis all\u00e9 voir un d\u00e9fil\u00e9 de camions de pompiers sur Hauteville.&nbsp;J\u2019ai vu monsieur Lan\u00e7on qui faisait ses courses.<\/p>\n\n\n\n<p>J \u2018avais un masque de la pat patrouille.<\/p>\n\n\n\n<figure class=\"wp-block-image size-full\"><a href=\"https:\/\/www.imelasavoie.fr\/wp-content\/uploads\/2025\/12\/masque-pat-patrouille-1085732094.jpg\"><img loading=\"lazy\" decoding=\"async\" width=\"800\" height=\"800\" src=\"https:\/\/www.imelasavoie.fr\/wp-content\/uploads\/2025\/12\/masque-pat-patrouille-1085732094.jpg\" alt=\"\" class=\"wp-image-30843\" srcset=\"https:\/\/www.imelasavoie.fr\/wp-content\/uploads\/2025\/12\/masque-pat-patrouille-1085732094.jpg 800w, https:\/\/www.imelasavoie.fr\/wp-content\/uploads\/2025\/12\/masque-pat-patrouille-1085732094-300x300.jpg 300w, https:\/\/www.imelasavoie.fr\/wp-content\/uploads\/2025\/12\/masque-pat-patrouille-1085732094-150x150.jpg 150w, https:\/\/www.imelasavoie.fr\/wp-content\/uploads\/2025\/12\/masque-pat-patrouille-1085732094-768x768.jpg 768w\" sizes=\"auto, (max-width: 800px) 100vw, 800px\" \/><\/a><\/figure>\n\n\n\n<p>J\u2019\u00e9tais avec mes parents, mon fr\u00e8re et ma s\u0153ur. Il y avait le p\u00e8re No\u00ebl sur un des camions. Les camions avaient les sir\u00e8nes \u00e0 fond. \u00c7a faisait mal aux oreilles. Il y avait plein de camions de pompiers diff\u00e9rents et les pompiers saluaient les gens.<\/p>\n\n\n\n<figure class=\"wp-block-image size-full\"><a href=\"https:\/\/www.imelasavoie.fr\/wp-content\/uploads\/2025\/12\/Camions-de-pompier-ballad-et-vous-621818175.jpg\"><img loading=\"lazy\" decoding=\"async\" width=\"609\" height=\"200\" src=\"https:\/\/www.imelasavoie.fr\/wp-content\/uploads\/2025\/12\/Camions-de-pompier-ballad-et-vous-621818175.jpg\" alt=\"\" class=\"wp-image-30840\" srcset=\"https:\/\/www.imelasavoie.fr\/wp-content\/uploads\/2025\/12\/Camions-de-pompier-ballad-et-vous-621818175.jpg 609w, https:\/\/www.imelasavoie.fr\/wp-content\/uploads\/2025\/12\/Camions-de-pompier-ballad-et-vous-621818175-300x99.jpg 300w\" sizes=\"auto, (max-width: 609px) 100vw, 609px\" \/><\/a><\/figure>\n\n\n\n<p>A la fin du d\u00e9fil\u00e9, il y avait la gendarmerie avec deux pompiers dans leur voiture.<\/p>\n\n\n\n<p>Ensuite, nous sommes all\u00e9s \u00e0 la caserne des pompiers.<\/p>\n\n\n\n<figure class=\"wp-block-image size-large\"><a href=\"https:\/\/www.imelasavoie.fr\/wp-content\/uploads\/2025\/12\/photo-1701716571-3016336716.jpg\"><img loading=\"lazy\" decoding=\"async\" width=\"1024\" height=\"538\" src=\"https:\/\/www.imelasavoie.fr\/wp-content\/uploads\/2025\/12\/photo-1701716571-3016336716-1024x538.jpg\" alt=\"\" class=\"wp-image-30844\" srcset=\"https:\/\/www.imelasavoie.fr\/wp-content\/uploads\/2025\/12\/photo-1701716571-3016336716-1024x538.jpg 1024w, https:\/\/www.imelasavoie.fr\/wp-content\/uploads\/2025\/12\/photo-1701716571-3016336716-300x158.jpg 300w, https:\/\/www.imelasavoie.fr\/wp-content\/uploads\/2025\/12\/photo-1701716571-3016336716-768x403.jpg 768w, https:\/\/www.imelasavoie.fr\/wp-content\/uploads\/2025\/12\/photo-1701716571-3016336716.jpg 1200w\" sizes=\"auto, (max-width: 1024px) 100vw, 1024px\" \/><\/a><\/figure>\n\n\n\n<p>Il y avait une c\u00e9r\u00e9monie pour se souvenir des morts.<\/p>\n\n\n\n<p>Ensuite, il y avait un ap\u00e9ritif d\u2019offert. Il y avait les jeunes sapeurs-pompiers \u00e0 la caserne.<\/p>\n\n\n\n<p>Je vais demander si je peux faire jeune sapeur-pompier car \u00e7a me plait beaucoup le m\u00e9tier des pompiers. C\u2019est mon m\u00e9tier pr\u00e9f\u00e9r\u00e9. \u00a0<\/p>\n\n\n\n<figure class=\"wp-block-image size-full\"><a href=\"https:\/\/www.imelasavoie.fr\/wp-content\/uploads\/2025\/12\/title-1511984137-3620624394.jpg\"><img loading=\"lazy\" decoding=\"async\" width=\"1000\" height=\"500\" src=\"https:\/\/www.imelasavoie.fr\/wp-content\/uploads\/2025\/12\/title-1511984137-3620624394.jpg\" alt=\"\" class=\"wp-image-30845\" srcset=\"https:\/\/www.imelasavoie.fr\/wp-content\/uploads\/2025\/12\/title-1511984137-3620624394.jpg 1000w, https:\/\/www.imelasavoie.fr\/wp-content\/uploads\/2025\/12\/title-1511984137-3620624394-300x150.jpg 300w, https:\/\/www.imelasavoie.fr\/wp-content\/uploads\/2025\/12\/title-1511984137-3620624394-768x384.jpg 768w\" sizes=\"auto, (max-width: 1000px) 100vw, 1000px\" \/><\/a><\/figure>\n\n\n\n<p class=\"has-text-align-center\">Cyrielle&nbsp;&nbsp;&nbsp;&nbsp;&nbsp;&nbsp;&nbsp;&nbsp;&nbsp;&nbsp;&nbsp;&nbsp;&nbsp;&nbsp;&nbsp;&nbsp;&nbsp;&nbsp;&nbsp;&nbsp;<\/p>\n","protected":false},"excerpt":{"rendered":"<p>Je vais vous raconter mon samedi. Samedi matin, je suis all\u00e9 voir un d\u00e9fil\u00e9 de camions de pompiers sur Hauteville.&nbsp;J\u2019ai vu monsieur Lan\u00e7on qui faisait ses courses. J \u2018avais un masque de la pat patrouille. J\u2019\u00e9tais avec mes parents, mon &hellip; <a href=\"https:\/\/www.imelasavoie.fr\/?p=30838\">Continuer la lecture <span class=\"meta-nav\">&rarr;<\/span><\/a><\/p>\n","protected":false},"author":1,"featured_media":0,"comment_status":"open","ping_status":"closed","sticky":false,"template":"","format":"standard","meta":{"footnotes":""},"categories":[56,58],"tags":[],"class_list":["post-30838","post","type-post","status-publish","format-standard","hentry","category-les-classes-et-ateliers","category-mandela2"],"_links":{"self":[{"href":"https:\/\/www.imelasavoie.fr\/index.php?rest_route=\/wp\/v2\/posts\/30838","targetHints":{"allow":["GET"]}}],"collection":[{"href":"https:\/\/www.imelasavoie.fr\/index.php?rest_route=\/wp\/v2\/posts"}],"about":[{"href":"https:\/\/www.imelasavoie.fr\/index.php?rest_route=\/wp\/v2\/types\/post"}],"author":[{"embeddable":true,"href":"https:\/\/www.imelasavoie.fr\/index.php?rest_route=\/wp\/v2\/users\/1"}],"replies":[{"embeddable":true,"href":"https:\/\/www.imelasavoie.fr\/index.php?rest_route=%2Fwp%2Fv2%2Fcomments&post=30838"}],"version-history":[{"count":4,"href":"https:\/\/www.imelasavoie.fr\/index.php?rest_route=\/wp\/v2\/posts\/30838\/revisions"}],"predecessor-version":[{"id":30860,"href":"https:\/\/www.imelasavoie.fr\/index.php?rest_route=\/wp\/v2\/posts\/30838\/revisions\/30860"}],"wp:attachment":[{"href":"https:\/\/www.imelasavoie.fr\/index.php?rest_route=%2Fwp%2Fv2%2Fmedia&parent=30838"}],"wp:term":[{"taxonomy":"category","embeddable":true,"href":"https:\/\/www.imelasavoie.fr\/index.php?rest_route=%2Fwp%2Fv2%2Fcategories&post=30838"},{"taxonomy":"post_tag","embeddable":true,"href":"https:\/\/www.imelasavoie.fr\/index.php?rest_route=%2Fwp%2Fv2%2Ftags&post=30838"}],"curies":[{"name":"wp","href":"https:\/\/api.w.org\/{rel}","templated":true}]}}