{"id":30847,"date":"2025-12-09T15:58:26","date_gmt":"2025-12-09T13:58:26","guid":{"rendered":"https:\/\/www.imelasavoie.fr\/?p=30847"},"modified":"2025-12-09T17:17:57","modified_gmt":"2025-12-09T15:17:57","slug":"projet-theatre-coulysse","status":"publish","type":"post","link":"https:\/\/www.imelasavoie.fr\/?p=30847","title":{"rendered":"[Projet th\u00e9\u00e2tre] Coulysse"},"content":{"rendered":"\n<p>Bonjour jeudi 4 d\u00e9cembre, nous sommes all\u00e9.es au th\u00e9\u00e2tre de bourg en Bresse pour aller voir un spectacle de cirque qui s\u2019appelait \u00ab\u00a0Coulysse\u00a0\u00bb. Nous sommes parti.es \u00e0 18h30 avec Baki, et Chlo\u00e9 et monsieur Lan\u00e7on. Comme nous partions \u00e0 18h30, nous avons mang\u00e9 dans le bus \u00e0 19H00.<\/p>\n\n\n\n<p>Nous sommes arriv\u00e9.es au th\u00e9\u00e2tre \u00e0 19h45. Nous avons pris nos places qui \u00e9taient au balcon.<\/p>\n\n\n\n<figure class=\"wp-block-image size-full is-resized\"><a href=\"https:\/\/www.imelasavoie.fr\/wp-content\/uploads\/2025\/12\/7.-Les-coulysses\u00a9cie-13eme-quai-400x270-3427504147.jpg\"><img loading=\"lazy\" decoding=\"async\" width=\"400\" height=\"270\" src=\"https:\/\/www.imelasavoie.fr\/wp-content\/uploads\/2025\/12\/7.-Les-coulysses\u00a9cie-13eme-quai-400x270-3427504147.jpg\" alt=\"\" class=\"wp-image-30850\" style=\"width:647px;height:auto\" srcset=\"https:\/\/www.imelasavoie.fr\/wp-content\/uploads\/2025\/12\/7.-Les-coulysses\u00a9cie-13eme-quai-400x270-3427504147.jpg 400w, https:\/\/www.imelasavoie.fr\/wp-content\/uploads\/2025\/12\/7.-Les-coulysses\u00a9cie-13eme-quai-400x270-3427504147-300x203.jpg 300w\" sizes=\"auto, (max-width: 400px) 100vw, 400px\" \/><\/a><\/figure>\n\n\n\n<p>Enzo&nbsp;: <em>J\u2019ai ador\u00e9 ce spectacle de cirque. J\u2019ai aim\u00e9 les acrobaties et la fille qui faisait de la souplesse. C\u2019\u00e9tait incroyable ce qu\u2019elle faisait. J&rsquo;avais l&rsquo;impression qu&rsquo;elle se transformait en t\u00e9l\u00e9phone. J\u2019ai aussi aim\u00e9 le moment o\u00f9 il y avait la sc\u00e8ne avec les cochons. Ils dansaient trop bien.<\/em><\/p>\n\n\n\n<p>Oc\u00e9ane&nbsp;: <em>C\u2019\u00e9tait trop bien. J&rsquo;ai \u00e9t\u00e9 surprise par les acrobaties r\u00e9alis\u00e9es. J\u2019\u00e9tais contente d\u2019\u00eatre \u00e0 c\u00f4t\u00e9 de Louna. Ce que j\u2019ai pr\u00e9f\u00e9r\u00e9 c\u2019est quand ils \u00e9taient en tenue grecque.<\/em><\/p>\n\n\n\n<p>Ilyes: <em>J\u2019ai ador\u00e9 les acrobaties. J\u2019ai bien aim\u00e9 la partie avec Zeus mais je n\u2019ai pas aim\u00e9 la partie avec les cochons. Je n&rsquo;ai pas trop aim\u00e9 ma place parce qu\u2019il y avait une barre qui me g\u00eanait un peu pour voir.<\/em><\/p>\n\n\n\n<p>L\u00e9na&nbsp;: <em>Ce spectacle \u00e9tait incroyable&nbsp;! Au d\u00e9but du spectacle, il y avait un danseur qui faisait des figures impressionnantes. A un moment, il y avait une femme qui s&rsquo;\u00e9tait d\u00e9guis\u00e9e en cochon. C\u2019\u00e9tait trop dr\u00f4le. Je n\u2019avais jamais vu un spectacle comme celui l\u00e0.  J&rsquo;ai pr\u00e9f\u00e9r\u00e9 ce spectacle \u00e0 \u00ab\u00a0Monarque\u00a0\u00bb parce qu\u2019 il y avait plus d\u2019action.<\/em><\/p>\n\n\n\n<p>Deux vid\u00e9os pour pr\u00e9senter ce spectacle que nous avons vu en avant premi\u00e8re:<\/p>\n\n\n\n<figure class=\"wp-block-embed is-type-video is-provider-vimeo wp-block-embed-vimeo wp-embed-aspect-16-9 wp-has-aspect-ratio\"><div class=\"wp-block-embed__wrapper\">\n<iframe loading=\"lazy\" title=\"CoUlysses_presentation20Janv25\" src=\"https:\/\/player.vimeo.com\/video\/1048915166?dnt=1&amp;app_id=122963\" width=\"640\" height=\"360\" frameborder=\"0\" allow=\"autoplay; fullscreen; picture-in-picture; clipboard-write; encrypted-media; web-share\" referrerpolicy=\"strict-origin-when-cross-origin\"><\/iframe>\n<\/div><\/figure>\n\n\n\n<figure class=\"wp-block-embed is-type-video is-provider-vimeo wp-block-embed-vimeo wp-embed-aspect-16-9 wp-has-aspect-ratio\"><div class=\"wp-block-embed__wrapper\">\n<iframe loading=\"lazy\" title=\"CoUlysses_ResidAVRIL2025_v4\" src=\"https:\/\/player.vimeo.com\/video\/1093028567?dnt=1&amp;app_id=122963\" width=\"640\" height=\"360\" frameborder=\"0\" allow=\"autoplay; fullscreen; picture-in-picture; clipboard-write; encrypted-media; web-share\" referrerpolicy=\"strict-origin-when-cross-origin\"><\/iframe>\n<\/div><\/figure>\n\n\n\n<p>Merci \u00e0 Enzo G pour la recopie de la trace \u00e9crite <\/p>\n","protected":false},"excerpt":{"rendered":"<p>Bonjour jeudi 4 d\u00e9cembre, nous sommes all\u00e9.es au th\u00e9\u00e2tre de bourg en Bresse pour aller voir un spectacle de cirque qui s\u2019appelait \u00ab\u00a0Coulysse\u00a0\u00bb. Nous sommes parti.es \u00e0 18h30 avec Baki, et Chlo\u00e9 et monsieur Lan\u00e7on. Comme nous partions \u00e0 18h30, &hellip; <a href=\"https:\/\/www.imelasavoie.fr\/?p=30847\">Continuer la lecture <span class=\"meta-nav\">&rarr;<\/span><\/a><\/p>\n","protected":false},"author":1,"featured_media":0,"comment_status":"open","ping_status":"closed","sticky":false,"template":"","format":"standard","meta":{"footnotes":""},"categories":[56,58],"tags":[],"class_list":["post-30847","post","type-post","status-publish","format-standard","hentry","category-les-classes-et-ateliers","category-mandela2"],"_links":{"self":[{"href":"https:\/\/www.imelasavoie.fr\/index.php?rest_route=\/wp\/v2\/posts\/30847","targetHints":{"allow":["GET"]}}],"collection":[{"href":"https:\/\/www.imelasavoie.fr\/index.php?rest_route=\/wp\/v2\/posts"}],"about":[{"href":"https:\/\/www.imelasavoie.fr\/index.php?rest_route=\/wp\/v2\/types\/post"}],"author":[{"embeddable":true,"href":"https:\/\/www.imelasavoie.fr\/index.php?rest_route=\/wp\/v2\/users\/1"}],"replies":[{"embeddable":true,"href":"https:\/\/www.imelasavoie.fr\/index.php?rest_route=%2Fwp%2Fv2%2Fcomments&post=30847"}],"version-history":[{"count":9,"href":"https:\/\/www.imelasavoie.fr\/index.php?rest_route=\/wp\/v2\/posts\/30847\/revisions"}],"predecessor-version":[{"id":30859,"href":"https:\/\/www.imelasavoie.fr\/index.php?rest_route=\/wp\/v2\/posts\/30847\/revisions\/30859"}],"wp:attachment":[{"href":"https:\/\/www.imelasavoie.fr\/index.php?rest_route=%2Fwp%2Fv2%2Fmedia&parent=30847"}],"wp:term":[{"taxonomy":"category","embeddable":true,"href":"https:\/\/www.imelasavoie.fr\/index.php?rest_route=%2Fwp%2Fv2%2Fcategories&post=30847"},{"taxonomy":"post_tag","embeddable":true,"href":"https:\/\/www.imelasavoie.fr\/index.php?rest_route=%2Fwp%2Fv2%2Ftags&post=30847"}],"curies":[{"name":"wp","href":"https:\/\/api.w.org\/{rel}","templated":true}]}}