{"id":30984,"date":"2026-01-20T10:36:08","date_gmt":"2026-01-20T08:36:08","guid":{"rendered":"https:\/\/www.imelasavoie.fr\/?p=30984"},"modified":"2026-01-20T10:36:08","modified_gmt":"2026-01-20T08:36:08","slug":"velmaroc-4","status":"publish","type":"post","link":"https:\/\/www.imelasavoie.fr\/?p=30984","title":{"rendered":"V\u00e9l&rsquo;Maroc 4"},"content":{"rendered":"\n<figure class=\"wp-block-image size-large\"><a href=\"https:\/\/www.imelasavoie.fr\/wp-content\/uploads\/2026\/01\/image-29.png\"><img loading=\"lazy\" decoding=\"async\" width=\"1024\" height=\"473\" src=\"https:\/\/www.imelasavoie.fr\/wp-content\/uploads\/2026\/01\/image-29-1024x473.png\" alt=\"\" class=\"wp-image-30987\" srcset=\"https:\/\/www.imelasavoie.fr\/wp-content\/uploads\/2026\/01\/image-29-1024x473.png 1024w, https:\/\/www.imelasavoie.fr\/wp-content\/uploads\/2026\/01\/image-29-300x138.png 300w, https:\/\/www.imelasavoie.fr\/wp-content\/uploads\/2026\/01\/image-29-768x354.png 768w, https:\/\/www.imelasavoie.fr\/wp-content\/uploads\/2026\/01\/image-29-1536x709.png 1536w, https:\/\/www.imelasavoie.fr\/wp-content\/uploads\/2026\/01\/image-29.png 1599w\" sizes=\"auto, (max-width: 1024px) 100vw, 1024px\" \/><\/a><\/figure>\n\n\n\n<p>Anthony continue sa route en direction des portes du d\u00e9sert du Sahara. La route qu&rsquo;il prend est d\u00e9j\u00e0 bien d\u00e9sertique, et les lignes droites sont tr\u00e8s longues! C&rsquo;est tr\u00e8s calme et silencieux, et il appr\u00e9cie vraiment cela!<\/p>\n\n\n\n<figure class=\"wp-block-image size-large\"><a href=\"https:\/\/www.imelasavoie.fr\/wp-content\/uploads\/2026\/01\/image-30.png\"><img loading=\"lazy\" decoding=\"async\" width=\"1024\" height=\"473\" src=\"https:\/\/www.imelasavoie.fr\/wp-content\/uploads\/2026\/01\/image-30-1024x473.png\" alt=\"\" class=\"wp-image-30988\" srcset=\"https:\/\/www.imelasavoie.fr\/wp-content\/uploads\/2026\/01\/image-30-1024x473.png 1024w, https:\/\/www.imelasavoie.fr\/wp-content\/uploads\/2026\/01\/image-30-300x138.png 300w, https:\/\/www.imelasavoie.fr\/wp-content\/uploads\/2026\/01\/image-30-768x354.png 768w, https:\/\/www.imelasavoie.fr\/wp-content\/uploads\/2026\/01\/image-30-1536x709.png 1536w, https:\/\/www.imelasavoie.fr\/wp-content\/uploads\/2026\/01\/image-30.png 1599w\" sizes=\"auto, (max-width: 1024px) 100vw, 1024px\" \/><\/a><\/figure>\n\n\n\n<p>Les villes qu&rsquo;il traverse sont des oasis, des endroits o\u00f9 il y a des palmeraies (\u00ab\u00a0for\u00eat de palmiers\u00a0\u00bb). Ces arbres sont surtout des dattiers qui permettent d&rsquo;avoir des dattes (fruits). Les dattiers font parti de la famille des palmiers (comme les cocotiers dans d&rsquo;autres pays!).<\/p>\n\n\n\n<figure class=\"wp-block-image size-large\"><a href=\"https:\/\/www.imelasavoie.fr\/wp-content\/uploads\/2026\/01\/image-31.png\"><img loading=\"lazy\" decoding=\"async\" width=\"1024\" height=\"472\" src=\"https:\/\/www.imelasavoie.fr\/wp-content\/uploads\/2026\/01\/image-31-1024x472.png\" alt=\"\" class=\"wp-image-30989\" srcset=\"https:\/\/www.imelasavoie.fr\/wp-content\/uploads\/2026\/01\/image-31-1024x472.png 1024w, https:\/\/www.imelasavoie.fr\/wp-content\/uploads\/2026\/01\/image-31-300x138.png 300w, https:\/\/www.imelasavoie.fr\/wp-content\/uploads\/2026\/01\/image-31-768x354.png 768w, https:\/\/www.imelasavoie.fr\/wp-content\/uploads\/2026\/01\/image-31-1536x708.png 1536w, https:\/\/www.imelasavoie.fr\/wp-content\/uploads\/2026\/01\/image-31.png 1600w\" sizes=\"auto, (max-width: 1024px) 100vw, 1024px\" \/><\/a><\/figure>\n\n\n\n<p>Anthony a vu des \u00ab\u00a0hommes bleus\u00a0\u00bb! Ce sont des hommes qui portent un grand foulard bleu (un turban) sur la t\u00eate qu&rsquo;on appelle un ch\u00e8che. Ces hommes sont des touaregs qui font partis de la grande famille des berb\u00e8res, le peuple le plus ancien de l&rsquo;Afrique du nord. On les appelle aussi \u00ab\u00a0les hommes du d\u00e9sert\u00a0\u00bb. C&rsquo;est un peuple de nomade, un peuple qui voyage, qui n&rsquo;a pas d&rsquo;habitation dans un m\u00eame endroit. Mais  depuis quelques dizaines d&rsquo;ann\u00e9es,  ce peuple des berb\u00e8res se s\u00e9dentarise, c&rsquo;est \u00e0 dire qu&rsquo;il se fixe dans une ville.<\/p>\n\n\n\n<figure class=\"wp-block-image size-full\"><a href=\"https:\/\/www.imelasavoie.fr\/wp-content\/uploads\/2026\/01\/image-28.png\"><img loading=\"lazy\" decoding=\"async\" width=\"500\" height=\"375\" src=\"https:\/\/www.imelasavoie.fr\/wp-content\/uploads\/2026\/01\/image-28.png\" alt=\"\" class=\"wp-image-30985\" srcset=\"https:\/\/www.imelasavoie.fr\/wp-content\/uploads\/2026\/01\/image-28.png 500w, https:\/\/www.imelasavoie.fr\/wp-content\/uploads\/2026\/01\/image-28-300x225.png 300w\" sizes=\"auto, (max-width: 500px) 100vw, 500px\" \/><\/a><\/figure>\n\n\n\n<p>Dimanche soir, Anthony a pu regarder la finale de la CAN dans le caf\u00e9 d&rsquo;un village. Malheureusement pour le Maroc, son \u00e9quipe a perdu sa finale 1-0, et c&rsquo;est le S\u00e9n\u00e9gal qui est champion d&rsquo;Afrique 2026!<\/p>\n\n\n\n<figure class=\"wp-block-embed is-type-video is-provider-youtube wp-block-embed-youtube wp-embed-aspect-16-9 wp-has-aspect-ratio\"><div class=\"wp-block-embed__wrapper\">\n<iframe loading=\"lazy\" title=\"S\u00e9n\u00e9gal vs Maroc 1-0  | R\u00e9sum\u00e9 &amp; But | CAN 2025 (HD)\" width=\"640\" height=\"360\" src=\"https:\/\/www.youtube.com\/embed\/gbBjx9Ztn6o?feature=oembed\" frameborder=\"0\" allow=\"accelerometer; autoplay; clipboard-write; encrypted-media; gyroscope; picture-in-picture; web-share\" referrerpolicy=\"strict-origin-when-cross-origin\" allowfullscreen><\/iframe>\n<\/div><\/figure>\n\n\n\n<figure class=\"wp-block-image size-large\"><a href=\"https:\/\/www.imelasavoie.fr\/wp-content\/uploads\/2026\/01\/image-32.png\"><img loading=\"lazy\" decoding=\"async\" width=\"1024\" height=\"472\" src=\"https:\/\/www.imelasavoie.fr\/wp-content\/uploads\/2026\/01\/image-32-1024x472.png\" alt=\"\" class=\"wp-image-30990\" srcset=\"https:\/\/www.imelasavoie.fr\/wp-content\/uploads\/2026\/01\/image-32-1024x472.png 1024w, https:\/\/www.imelasavoie.fr\/wp-content\/uploads\/2026\/01\/image-32-300x138.png 300w, https:\/\/www.imelasavoie.fr\/wp-content\/uploads\/2026\/01\/image-32-768x354.png 768w, https:\/\/www.imelasavoie.fr\/wp-content\/uploads\/2026\/01\/image-32-1536x708.png 1536w, https:\/\/www.imelasavoie.fr\/wp-content\/uploads\/2026\/01\/image-32.png 1600w\" sizes=\"auto, (max-width: 1024px) 100vw, 1024px\" \/><\/a><\/figure>\n\n\n\n<figure class=\"wp-block-image size-large\"><a href=\"https:\/\/www.imelasavoie.fr\/wp-content\/uploads\/2026\/01\/image-33.png\"><img loading=\"lazy\" decoding=\"async\" width=\"1024\" height=\"472\" src=\"https:\/\/www.imelasavoie.fr\/wp-content\/uploads\/2026\/01\/image-33-1024x472.png\" alt=\"\" class=\"wp-image-30991\" srcset=\"https:\/\/www.imelasavoie.fr\/wp-content\/uploads\/2026\/01\/image-33-1024x472.png 1024w, https:\/\/www.imelasavoie.fr\/wp-content\/uploads\/2026\/01\/image-33-300x138.png 300w, https:\/\/www.imelasavoie.fr\/wp-content\/uploads\/2026\/01\/image-33-768x354.png 768w, https:\/\/www.imelasavoie.fr\/wp-content\/uploads\/2026\/01\/image-33-1536x708.png 1536w, https:\/\/www.imelasavoie.fr\/wp-content\/uploads\/2026\/01\/image-33.png 1600w\" sizes=\"auto, (max-width: 1024px) 100vw, 1024px\" \/><\/a><\/figure>\n\n\n\n<p>A bient\u00f4t pour V\u00e9l&rsquo;Maroc 5<\/p>\n\n\n\n<p>La classe Dinamo 1<\/p>\n","protected":false},"excerpt":{"rendered":"<p>Anthony continue sa route en direction des portes du d\u00e9sert du Sahara. La route qu&rsquo;il prend est d\u00e9j\u00e0 bien d\u00e9sertique, et les lignes droites sont tr\u00e8s longues! C&rsquo;est tr\u00e8s calme et silencieux, et il appr\u00e9cie vraiment cela! Les villes qu&rsquo;il &hellip; <a href=\"https:\/\/www.imelasavoie.fr\/?p=30984\">Continuer la lecture <span class=\"meta-nav\">&rarr;<\/span><\/a><\/p>\n","protected":false},"author":13,"featured_media":0,"comment_status":"open","ping_status":"closed","sticky":false,"template":"","format":"standard","meta":{"footnotes":""},"categories":[1],"tags":[],"class_list":["post-30984","post","type-post","status-publish","format-standard","hentry","category-non-classe"],"_links":{"self":[{"href":"https:\/\/www.imelasavoie.fr\/index.php?rest_route=\/wp\/v2\/posts\/30984","targetHints":{"allow":["GET"]}}],"collection":[{"href":"https:\/\/www.imelasavoie.fr\/index.php?rest_route=\/wp\/v2\/posts"}],"about":[{"href":"https:\/\/www.imelasavoie.fr\/index.php?rest_route=\/wp\/v2\/types\/post"}],"author":[{"embeddable":true,"href":"https:\/\/www.imelasavoie.fr\/index.php?rest_route=\/wp\/v2\/users\/13"}],"replies":[{"embeddable":true,"href":"https:\/\/www.imelasavoie.fr\/index.php?rest_route=%2Fwp%2Fv2%2Fcomments&post=30984"}],"version-history":[{"count":4,"href":"https:\/\/www.imelasavoie.fr\/index.php?rest_route=\/wp\/v2\/posts\/30984\/revisions"}],"predecessor-version":[{"id":30999,"href":"https:\/\/www.imelasavoie.fr\/index.php?rest_route=\/wp\/v2\/posts\/30984\/revisions\/30999"}],"wp:attachment":[{"href":"https:\/\/www.imelasavoie.fr\/index.php?rest_route=%2Fwp%2Fv2%2Fmedia&parent=30984"}],"wp:term":[{"taxonomy":"category","embeddable":true,"href":"https:\/\/www.imelasavoie.fr\/index.php?rest_route=%2Fwp%2Fv2%2Fcategories&post=30984"},{"taxonomy":"post_tag","embeddable":true,"href":"https:\/\/www.imelasavoie.fr\/index.php?rest_route=%2Fwp%2Fv2%2Ftags&post=30984"}],"curies":[{"name":"wp","href":"https:\/\/api.w.org\/{rel}","templated":true}]}}