{"id":31001,"date":"2026-01-26T15:30:29","date_gmt":"2026-01-26T13:30:29","guid":{"rendered":"https:\/\/www.imelasavoie.fr\/?p=31001"},"modified":"2026-01-26T15:30:29","modified_gmt":"2026-01-26T13:30:29","slug":"velmaroc-echange-entre-la-classe-mandela-2-et-anthony","status":"publish","type":"post","link":"https:\/\/www.imelasavoie.fr\/?p=31001","title":{"rendered":"V\u00e9l&rsquo;Maroc: \u00e9change entre la classe Mandela 2 et Anthony"},"content":{"rendered":"\n<figure class=\"wp-block-image size-large\"><a href=\"https:\/\/www.imelasavoie.fr\/wp-content\/uploads\/2026\/01\/image-34.png\"><img loading=\"lazy\" decoding=\"async\" width=\"822\" height=\"1024\" src=\"https:\/\/www.imelasavoie.fr\/wp-content\/uploads\/2026\/01\/image-34-822x1024.png\" alt=\"\" class=\"wp-image-31002\" srcset=\"https:\/\/www.imelasavoie.fr\/wp-content\/uploads\/2026\/01\/image-34-822x1024.png 822w, https:\/\/www.imelasavoie.fr\/wp-content\/uploads\/2026\/01\/image-34-241x300.png 241w, https:\/\/www.imelasavoie.fr\/wp-content\/uploads\/2026\/01\/image-34-768x957.png 768w, https:\/\/www.imelasavoie.fr\/wp-content\/uploads\/2026\/01\/image-34.png 1080w\" sizes=\"auto, (max-width: 822px) 100vw, 822px\" \/><\/a><\/figure>\n\n\n\n<p>Bonjour Anthony,<\/p>\n\n\n\n<p>Tout d\u2019abord, nous te souhaitons une tr\u00e8s bonne ann\u00e9e 2026, pleine d\u2019aventures et de r\u00eaves \u00e0 r\u00e9aliser.<\/p>\n\n\n\n<p>A Hauteville, il neige : le paysage s\u2019est couvert de blanc, comme l\u2019Atlas.<\/p>\n\n\n\n<p>Ensuite, nous avons plusieurs questions \u00e0 te poser :<\/p>\n\n\n\n<p>\u2013 Comment as-tu pu arriver \u00e0 temps pour la travers\u00e9e du D\u00e9troit de Gibraltar, sachant que tu es \u00e0 v\u00e9lo? (Ilyes)<br>\u2013 A Essaouira, est-ce que tu as fait du surf? Est-ce que tu t\u2019es baign\u00e9? (Ilyes\/Ethan)<br>\u2013 Qu\u2019est ce que tu fais de ton temps libre? Est-ce que tu regardes des s\u00e9ries ou des films? (Ilyes\/Oc\u00e9ane)<br>\u2013 As-tu partag\u00e9 des moments de la vie quotidienne avec des marocains? (les Mandela 2)?<br>\u2013 Combien de kilom\u00e8tres as-tu parcouru depuis ton d\u00e9part? (Enzo)<br>\u2013 Est-ce qu\u2019il y a des animaux errants au Maroc, comme en Italie? (Cyrielle)<\/p>\n\n\n\n<p>Enfin, nous te remercions d\u2019avance de r\u00e9pondre \u00e0 toutes nos questions!<\/p>\n\n\n\n<p>Nous te souhaitons une belle continuation dans ton p\u00e9riple.<\/p>\n\n\n\n<figure class=\"wp-block-image size-large\"><a href=\"https:\/\/www.imelasavoie.fr\/wp-content\/uploads\/2026\/01\/image-35.png\"><img loading=\"lazy\" decoding=\"async\" width=\"1024\" height=\"473\" src=\"https:\/\/www.imelasavoie.fr\/wp-content\/uploads\/2026\/01\/image-35-1024x473.png\" alt=\"\" class=\"wp-image-31003\" srcset=\"https:\/\/www.imelasavoie.fr\/wp-content\/uploads\/2026\/01\/image-35-1024x473.png 1024w, https:\/\/www.imelasavoie.fr\/wp-content\/uploads\/2026\/01\/image-35-300x138.png 300w, https:\/\/www.imelasavoie.fr\/wp-content\/uploads\/2026\/01\/image-35-768x354.png 768w, https:\/\/www.imelasavoie.fr\/wp-content\/uploads\/2026\/01\/image-35-1536x709.png 1536w, https:\/\/www.imelasavoie.fr\/wp-content\/uploads\/2026\/01\/image-35.png 1599w\" sizes=\"auto, (max-width: 1024px) 100vw, 1024px\" \/><\/a><\/figure>\n\n\n\n<p>La r\u00e9ponse d&rsquo;Anthony, re\u00e7u par la classe Dinamo 1 et coll\u00e9e sur ce blog:<\/p>\n\n\n\n<p>Salam la classe Mandela 2 !<br>Merci pour vos v\u0153ux, je vous souhaite aussi une tr\u00e8s belle ann\u00e9e !<br>Effectivement, il a beaucoup plu et neig\u00e9 cet hiver au Maroc, c&rsquo;est une ann\u00e9e exceptionnelle ! Et il faisait tr\u00e8s froid en montagne, dans l&rsquo;Atlas\u2026je l ai \u00e9vit\u00e9 en le contournant, bien assez d&rsquo;aventures comme \u00e7a !<\/p>\n\n\n\n<p>Pour la travers\u00e9e du d\u00e9troit, c \u00e9tait simple, il y a plusieurs bateaux par jour pour aller de Tarifa en Espagne \u00e0 Tanger au Maroc.<br>Je suis donc arriv\u00e9 \u00e0 Tarifa, et j&rsquo; ai achet\u00e9 un billet pour le lendemain. La travers\u00e9e a dur\u00e9 1h.<\/p>\n\n\n\n<p>J ai long\u00e9 la c\u00f4te atlantique o\u00f9 il y a beaucoup de plages pour surfer. Mais je n ai pas essay\u00e9, c est un sport difficile, il faut beaucoup de temps pour r\u00e9ussir \u00e0 se mettre debout sur le surf, et les vagues \u00e9taient bien grosses !<br>Et je ne me suis m\u00eame pas baign\u00e9, \u00e0 cette saison, l&rsquo;oc\u00e9an n&rsquo;est pas bien chaud, mais je crois aussi que je n&rsquo;en avais pas envie.ll<\/p>\n\n\n\n<p>Pour ce qui est du \u00ab\u00a0temps libre\u00a0\u00bb, je n&rsquo; en ai pas beaucoup, mes journ\u00e9es sont bien remplies.<br>Par exemple, je me r\u00e9veille \u00e0 8h, petit d\u00e9jeuner, rangement de la tente, puis je roule \u00e0 v\u00e9lo de 10h (il fait froid avant) jusqu&rsquo;\u00e0 15, 16 ou 17h.<br>Une fois arriv\u00e9, il faut monter la tente si camping, puis c est la douche, la pr\u00e9paration du repas, ou sortir manger\u2026il est vite 19h, et il fait nuit et froid\u2026<br>Ensuite souvent j \u00e9coute la radio, je regarde l&rsquo;itin\u00e9raire du lendemain, j&rsquo;envoie des messages et je me couche. Donc pas de s\u00e9ries ou de films\u2026<br>Disons que quand j ai un peu de temps, je me repose !<\/p>\n\n\n\n<p>Je passe beaucoup d&rsquo;heures sur le v\u00e9lo, c&rsquo;est surtout lors des repas, midi et soir, quand je mange dans la rue, et dans les caf\u00e9s que je c\u00f4toie des marocains. Je n ai pas sp\u00e9cialement partag\u00e9 des moments de la vie quotidienne, ce que j&rsquo;ai le plus partag\u00e9 avec eux c est le foot (la coupe arabe, puis la can).<\/p>\n\n\n\n<p>Cela fait maintenant environ 5 mois et demi que je suis parti et j&rsquo;ai parcouru en tout environ 8000 kms.<\/p>\n\n\n\n<p>Pour les animaux oui, il y a beaucoup de chats\u2026mais aussi beaucoup de chiens ! En v\u00e9lo, c est un peu difficile car les chiens se mettent \u00e0 me courir apr\u00e8s en aboyant, \u00e7a fait parfois un peu peur ! Et la nuit, selon o\u00f9 je me trouve, je les entends aboyer parfois des heures ! Une fois ils sont m\u00eame venus aboyer autour de la tente pendant la nuit !<br>Dans le sud o\u00f9 je suis maintenant il y en a moins, tant mieux !<\/p>\n\n\n\n<p>Je vous souhaite une bonne continuation et vous dit peut \u00eatre bien \u00e0 bient\u00f4t\u2026<\/p>\n\n\n\n<p>Anthony<\/p>\n","protected":false},"excerpt":{"rendered":"<p>Bonjour Anthony, Tout d\u2019abord, nous te souhaitons une tr\u00e8s bonne ann\u00e9e 2026, pleine d\u2019aventures et de r\u00eaves \u00e0 r\u00e9aliser. A Hauteville, il neige : le paysage s\u2019est couvert de blanc, comme l\u2019Atlas. Ensuite, nous avons plusieurs questions \u00e0 te poser &hellip; <a href=\"https:\/\/www.imelasavoie.fr\/?p=31001\">Continuer la lecture <span class=\"meta-nav\">&rarr;<\/span><\/a><\/p>\n","protected":false},"author":13,"featured_media":0,"comment_status":"open","ping_status":"closed","sticky":false,"template":"","format":"standard","meta":{"footnotes":""},"categories":[1],"tags":[],"class_list":["post-31001","post","type-post","status-publish","format-standard","hentry","category-non-classe"],"_links":{"self":[{"href":"https:\/\/www.imelasavoie.fr\/index.php?rest_route=\/wp\/v2\/posts\/31001","targetHints":{"allow":["GET"]}}],"collection":[{"href":"https:\/\/www.imelasavoie.fr\/index.php?rest_route=\/wp\/v2\/posts"}],"about":[{"href":"https:\/\/www.imelasavoie.fr\/index.php?rest_route=\/wp\/v2\/types\/post"}],"author":[{"embeddable":true,"href":"https:\/\/www.imelasavoie.fr\/index.php?rest_route=\/wp\/v2\/users\/13"}],"replies":[{"embeddable":true,"href":"https:\/\/www.imelasavoie.fr\/index.php?rest_route=%2Fwp%2Fv2%2Fcomments&post=31001"}],"version-history":[{"count":1,"href":"https:\/\/www.imelasavoie.fr\/index.php?rest_route=\/wp\/v2\/posts\/31001\/revisions"}],"predecessor-version":[{"id":31004,"href":"https:\/\/www.imelasavoie.fr\/index.php?rest_route=\/wp\/v2\/posts\/31001\/revisions\/31004"}],"wp:attachment":[{"href":"https:\/\/www.imelasavoie.fr\/index.php?rest_route=%2Fwp%2Fv2%2Fmedia&parent=31001"}],"wp:term":[{"taxonomy":"category","embeddable":true,"href":"https:\/\/www.imelasavoie.fr\/index.php?rest_route=%2Fwp%2Fv2%2Fcategories&post=31001"},{"taxonomy":"post_tag","embeddable":true,"href":"https:\/\/www.imelasavoie.fr\/index.php?rest_route=%2Fwp%2Fv2%2Ftags&post=31001"}],"curies":[{"name":"wp","href":"https:\/\/api.w.org\/{rel}","templated":true}]}}