{"id":31013,"date":"2026-01-27T12:38:28","date_gmt":"2026-01-27T10:38:28","guid":{"rendered":"https:\/\/www.imelasavoie.fr\/?p=31013"},"modified":"2026-01-27T12:38:28","modified_gmt":"2026-01-27T10:38:28","slug":"theatre","status":"publish","type":"post","link":"https:\/\/www.imelasavoie.fr\/?p=31013","title":{"rendered":"Th\u00e9\u00e2tre"},"content":{"rendered":"\n<p>Aujourd&rsquo;hui, on a fait des sayn\u00e8tes. On a fait le wizz. On a fait les formes et les sons.<\/p>\n\n\n\n<p>On s&rsquo;est \u00e9cout\u00e9, parl\u00e9 et regard\u00e9. On travaille les \u00e9motions.<\/p>\n\n\n\n<p>On a regard\u00e9 des minis sayn\u00e8tes jouer par nous et on a jou\u00e9 des r\u00f4les. C&rsquo;\u00e9tait sur le t\u00e9l\u00e9phone avec un p\u00e8re qui voulait prendre le t\u00e9l\u00e9phone de son ado qui avait \u00e9t\u00e9 trop dessus.<\/p>\n\n\n\n<p>Au th\u00e9\u00e2tre, il faut se tenir droit, pas se faufiler, \u00eatre aussi bien, bien \u00e9nergique.<\/p>\n\n\n\n<p>Juliette, Math\u00e9o PA, Ahmet-Emin<\/p>\n\n\n\n<div class=\"wp-block-media-text is-stacked-on-mobile\"><figure class=\"wp-block-media-text__media\"><img loading=\"lazy\" decoding=\"async\" width=\"1024\" height=\"740\" src=\"https:\/\/www.imelasavoie.fr\/wp-content\/uploads\/2026\/01\/9061-2-1024x740.jpg\" alt=\"\" class=\"wp-image-31017 size-full\" srcset=\"https:\/\/www.imelasavoie.fr\/wp-content\/uploads\/2026\/01\/9061-2-1024x740.jpg 1024w, https:\/\/www.imelasavoie.fr\/wp-content\/uploads\/2026\/01\/9061-2-300x217.jpg 300w, https:\/\/www.imelasavoie.fr\/wp-content\/uploads\/2026\/01\/9061-2-768x555.jpg 768w, https:\/\/www.imelasavoie.fr\/wp-content\/uploads\/2026\/01\/9061-2-1536x1111.jpg 1536w, https:\/\/www.imelasavoie.fr\/wp-content\/uploads\/2026\/01\/9061-2-2048x1481.jpg 2048w\" sizes=\"auto, (max-width: 1024px) 100vw, 1024px\" \/><\/figure><div class=\"wp-block-media-text__content\">\n<p><\/p>\n<\/div><\/div>\n\n\n\n<p><\/p>\n","protected":false},"excerpt":{"rendered":"<p>Aujourd&rsquo;hui, on a fait des sayn\u00e8tes. On a fait le wizz. On a fait les formes et les sons. On s&rsquo;est \u00e9cout\u00e9, parl\u00e9 et regard\u00e9. On travaille les \u00e9motions. On a regard\u00e9 des minis sayn\u00e8tes jouer par nous et on &hellip; <a href=\"https:\/\/www.imelasavoie.fr\/?p=31013\">Continuer la lecture <span class=\"meta-nav\">&rarr;<\/span><\/a><\/p>\n","protected":false},"author":18,"featured_media":0,"comment_status":"open","ping_status":"closed","sticky":false,"template":"","format":"standard","meta":{"footnotes":""},"categories":[1],"tags":[],"class_list":["post-31013","post","type-post","status-publish","format-standard","hentry","category-non-classe"],"_links":{"self":[{"href":"https:\/\/www.imelasavoie.fr\/index.php?rest_route=\/wp\/v2\/posts\/31013","targetHints":{"allow":["GET"]}}],"collection":[{"href":"https:\/\/www.imelasavoie.fr\/index.php?rest_route=\/wp\/v2\/posts"}],"about":[{"href":"https:\/\/www.imelasavoie.fr\/index.php?rest_route=\/wp\/v2\/types\/post"}],"author":[{"embeddable":true,"href":"https:\/\/www.imelasavoie.fr\/index.php?rest_route=\/wp\/v2\/users\/18"}],"replies":[{"embeddable":true,"href":"https:\/\/www.imelasavoie.fr\/index.php?rest_route=%2Fwp%2Fv2%2Fcomments&post=31013"}],"version-history":[{"count":1,"href":"https:\/\/www.imelasavoie.fr\/index.php?rest_route=\/wp\/v2\/posts\/31013\/revisions"}],"predecessor-version":[{"id":31018,"href":"https:\/\/www.imelasavoie.fr\/index.php?rest_route=\/wp\/v2\/posts\/31013\/revisions\/31018"}],"wp:attachment":[{"href":"https:\/\/www.imelasavoie.fr\/index.php?rest_route=%2Fwp%2Fv2%2Fmedia&parent=31013"}],"wp:term":[{"taxonomy":"category","embeddable":true,"href":"https:\/\/www.imelasavoie.fr\/index.php?rest_route=%2Fwp%2Fv2%2Fcategories&post=31013"},{"taxonomy":"post_tag","embeddable":true,"href":"https:\/\/www.imelasavoie.fr\/index.php?rest_route=%2Fwp%2Fv2%2Ftags&post=31013"}],"curies":[{"name":"wp","href":"https:\/\/api.w.org\/{rel}","templated":true}]}}