{"id":31134,"date":"2026-03-17T10:12:12","date_gmt":"2026-03-17T08:12:12","guid":{"rendered":"https:\/\/www.imelasavoie.fr\/?p=31134"},"modified":"2026-03-17T10:12:12","modified_gmt":"2026-03-17T08:12:12","slug":"texte-libre-chantier-en-atelier-menuiserie-par-cyrielle","status":"publish","type":"post","link":"https:\/\/www.imelasavoie.fr\/?p=31134","title":{"rendered":"[Texte libre] Chantier en atelier menuiserie par Cyrielle"},"content":{"rendered":"\n<p>Bonjour,<\/p>\n\n\n\n<p>Jeudi 12 mars, nous sommes all\u00e9.es en chantier avec l\u2019atelier menuiserie. Nous avons mont\u00e9 une table de pique-nique vers l\u2019a\u00e9roport de Saint Exup\u00e9ry.<\/p>\n\n\n\n<p>Au d\u00e9but, nous avons charg\u00e9 le camion. Apr\u00e8s, nous avons \u00e9t\u00e9 chercher le pique-nique dans l\u2019atelier de monsieur Astori et ensuite nous sommes parti.es vers 9h00.<\/p>\n\n\n\n<p>Nous sommes arriv\u00e9.es \u00e0 10h00. Nous avons d\u00e9charg\u00e9 le camion et nous avons commenc\u00e9 \u00e0 monter la table.<\/p>\n\n\n\n<p>Quand nous avons fini de monter la table, nous avons mang\u00e9 dessus.<\/p>\n\n\n\n<p>Nous \u00e9tions content.es de manger sur notre table.\u00a0 \u00a0Nous \u00e9tions 6. Il y avait Samet, Tifanie, Aur\u00e9lien, Shawn et Valentin C. \u00a0\u00a0\u00a0<\/p>\n\n\n\n<p>Bient\u00f4t des photos<\/p>\n\n\n\n<p class=\"has-text-align-center\">Cyrielle\u00a0\u00a0\u00a0<\/p>\n","protected":false},"excerpt":{"rendered":"<p>Bonjour, Jeudi 12 mars, nous sommes all\u00e9.es en chantier avec l\u2019atelier menuiserie. Nous avons mont\u00e9 une table de pique-nique vers l\u2019a\u00e9roport de Saint Exup\u00e9ry. Au d\u00e9but, nous avons charg\u00e9 le camion. Apr\u00e8s, nous avons \u00e9t\u00e9 chercher le pique-nique dans l\u2019atelier &hellip; <a href=\"https:\/\/www.imelasavoie.fr\/?p=31134\">Continuer la lecture <span class=\"meta-nav\">&rarr;<\/span><\/a><\/p>\n","protected":false},"author":1,"featured_media":0,"comment_status":"open","ping_status":"closed","sticky":false,"template":"","format":"standard","meta":{"footnotes":""},"categories":[56,58],"tags":[],"class_list":["post-31134","post","type-post","status-publish","format-standard","hentry","category-les-classes-et-ateliers","category-mandela2"],"_links":{"self":[{"href":"https:\/\/www.imelasavoie.fr\/index.php?rest_route=\/wp\/v2\/posts\/31134","targetHints":{"allow":["GET"]}}],"collection":[{"href":"https:\/\/www.imelasavoie.fr\/index.php?rest_route=\/wp\/v2\/posts"}],"about":[{"href":"https:\/\/www.imelasavoie.fr\/index.php?rest_route=\/wp\/v2\/types\/post"}],"author":[{"embeddable":true,"href":"https:\/\/www.imelasavoie.fr\/index.php?rest_route=\/wp\/v2\/users\/1"}],"replies":[{"embeddable":true,"href":"https:\/\/www.imelasavoie.fr\/index.php?rest_route=%2Fwp%2Fv2%2Fcomments&post=31134"}],"version-history":[{"count":1,"href":"https:\/\/www.imelasavoie.fr\/index.php?rest_route=\/wp\/v2\/posts\/31134\/revisions"}],"predecessor-version":[{"id":31135,"href":"https:\/\/www.imelasavoie.fr\/index.php?rest_route=\/wp\/v2\/posts\/31134\/revisions\/31135"}],"wp:attachment":[{"href":"https:\/\/www.imelasavoie.fr\/index.php?rest_route=%2Fwp%2Fv2%2Fmedia&parent=31134"}],"wp:term":[{"taxonomy":"category","embeddable":true,"href":"https:\/\/www.imelasavoie.fr\/index.php?rest_route=%2Fwp%2Fv2%2Fcategories&post=31134"},{"taxonomy":"post_tag","embeddable":true,"href":"https:\/\/www.imelasavoie.fr\/index.php?rest_route=%2Fwp%2Fv2%2Ftags&post=31134"}],"curies":[{"name":"wp","href":"https:\/\/api.w.org\/{rel}","templated":true}]}}