{"id":31144,"date":"2026-03-18T10:21:20","date_gmt":"2026-03-18T08:21:20","guid":{"rendered":"https:\/\/www.imelasavoie.fr\/?p=31144"},"modified":"2026-03-18T10:21:20","modified_gmt":"2026-03-18T08:21:20","slug":"texte-libre-arthur","status":"publish","type":"post","link":"https:\/\/www.imelasavoie.fr\/?p=31144","title":{"rendered":"[Texte libre] Arthur"},"content":{"rendered":"\n<p>Bonjour, je m\u2019appelle ARTHUR GANDET. Je suis \u00e0 l\u2019IME Dinamo et j\u2019ai 13 ans. <\/p>\n\n\n\n<p>Avant j\u2019\u00e9tais au coll\u00e8ge SABINE ZLATIN \u00e0 Belley. <\/p>\n\n\n\n<figure class=\"wp-block-image size-large\"><a href=\"https:\/\/www.imelasavoie.fr\/wp-content\/uploads\/2026\/03\/Annotation-2026-03-18-091818.jpg\"><img loading=\"lazy\" decoding=\"async\" width=\"1024\" height=\"391\" src=\"https:\/\/www.imelasavoie.fr\/wp-content\/uploads\/2026\/03\/Annotation-2026-03-18-091818-1024x391.jpg\" alt=\"\" class=\"wp-image-31146\" srcset=\"https:\/\/www.imelasavoie.fr\/wp-content\/uploads\/2026\/03\/Annotation-2026-03-18-091818-1024x391.jpg 1024w, https:\/\/www.imelasavoie.fr\/wp-content\/uploads\/2026\/03\/Annotation-2026-03-18-091818-300x114.jpg 300w, https:\/\/www.imelasavoie.fr\/wp-content\/uploads\/2026\/03\/Annotation-2026-03-18-091818-768x293.jpg 768w, https:\/\/www.imelasavoie.fr\/wp-content\/uploads\/2026\/03\/Annotation-2026-03-18-091818.jpg 1166w\" sizes=\"auto, (max-width: 1024px) 100vw, 1024px\" \/><\/a><\/figure>\n\n\n\n<p>A l\u2019IME, je me sens bien. <\/p>\n\n\n\n<figure class=\"wp-block-image size-large\"><a href=\"https:\/\/www.imelasavoie.fr\/wp-content\/uploads\/2026\/03\/Annotation-2026-03-18-091956.jpg\"><img loading=\"lazy\" decoding=\"async\" width=\"1024\" height=\"462\" src=\"https:\/\/www.imelasavoie.fr\/wp-content\/uploads\/2026\/03\/Annotation-2026-03-18-091956-1024x462.jpg\" alt=\"\" class=\"wp-image-31147\" srcset=\"https:\/\/www.imelasavoie.fr\/wp-content\/uploads\/2026\/03\/Annotation-2026-03-18-091956-1024x462.jpg 1024w, https:\/\/www.imelasavoie.fr\/wp-content\/uploads\/2026\/03\/Annotation-2026-03-18-091956-300x135.jpg 300w, https:\/\/www.imelasavoie.fr\/wp-content\/uploads\/2026\/03\/Annotation-2026-03-18-091956-768x346.jpg 768w, https:\/\/www.imelasavoie.fr\/wp-content\/uploads\/2026\/03\/Annotation-2026-03-18-091956.jpg 1222w\" sizes=\"auto, (max-width: 1024px) 100vw, 1024px\" \/><\/a><\/figure>\n\n\n\n<p>Je suis dans la classe de monsieur LAN\u00c7ON et \u00e7a se passe bien.<\/p>\n","protected":false},"excerpt":{"rendered":"<p>Bonjour, je m\u2019appelle ARTHUR GANDET. Je suis \u00e0 l\u2019IME Dinamo et j\u2019ai 13 ans. Avant j\u2019\u00e9tais au coll\u00e8ge SABINE ZLATIN \u00e0 Belley. A l\u2019IME, je me sens bien. Je suis dans la classe de monsieur LAN\u00c7ON et \u00e7a se passe &hellip; <a href=\"https:\/\/www.imelasavoie.fr\/?p=31144\">Continuer la lecture <span class=\"meta-nav\">&rarr;<\/span><\/a><\/p>\n","protected":false},"author":1,"featured_media":0,"comment_status":"open","ping_status":"closed","sticky":false,"template":"","format":"standard","meta":{"footnotes":""},"categories":[56,58],"tags":[],"class_list":["post-31144","post","type-post","status-publish","format-standard","hentry","category-les-classes-et-ateliers","category-mandela2"],"_links":{"self":[{"href":"https:\/\/www.imelasavoie.fr\/index.php?rest_route=\/wp\/v2\/posts\/31144","targetHints":{"allow":["GET"]}}],"collection":[{"href":"https:\/\/www.imelasavoie.fr\/index.php?rest_route=\/wp\/v2\/posts"}],"about":[{"href":"https:\/\/www.imelasavoie.fr\/index.php?rest_route=\/wp\/v2\/types\/post"}],"author":[{"embeddable":true,"href":"https:\/\/www.imelasavoie.fr\/index.php?rest_route=\/wp\/v2\/users\/1"}],"replies":[{"embeddable":true,"href":"https:\/\/www.imelasavoie.fr\/index.php?rest_route=%2Fwp%2Fv2%2Fcomments&post=31144"}],"version-history":[{"count":2,"href":"https:\/\/www.imelasavoie.fr\/index.php?rest_route=\/wp\/v2\/posts\/31144\/revisions"}],"predecessor-version":[{"id":31148,"href":"https:\/\/www.imelasavoie.fr\/index.php?rest_route=\/wp\/v2\/posts\/31144\/revisions\/31148"}],"wp:attachment":[{"href":"https:\/\/www.imelasavoie.fr\/index.php?rest_route=%2Fwp%2Fv2%2Fmedia&parent=31144"}],"wp:term":[{"taxonomy":"category","embeddable":true,"href":"https:\/\/www.imelasavoie.fr\/index.php?rest_route=%2Fwp%2Fv2%2Fcategories&post=31144"},{"taxonomy":"post_tag","embeddable":true,"href":"https:\/\/www.imelasavoie.fr\/index.php?rest_route=%2Fwp%2Fv2%2Ftags&post=31144"}],"curies":[{"name":"wp","href":"https:\/\/api.w.org\/{rel}","templated":true}]}}