{"id":31152,"date":"2026-03-19T11:22:18","date_gmt":"2026-03-19T09:22:18","guid":{"rendered":"https:\/\/www.imelasavoie.fr\/?p=31152"},"modified":"2026-03-19T11:22:18","modified_gmt":"2026-03-19T09:22:18","slug":"championnat-de-france-de-ski-de-fond","status":"publish","type":"post","link":"https:\/\/www.imelasavoie.fr\/?p=31152","title":{"rendered":"Championnat de France de ski de fond"},"content":{"rendered":"\n<p>Championnat de France de ski de fond sport adapt\u00e9<\/p>\n\n\n\n<p>La semaine derni\u00e8re, j\u2019ai particip\u00e9 au championnat de France de ski de fond en sport adapt\u00e9 j\u2019ai fait quatre &nbsp;courses ou j\u2019ai fini premi\u00e8re.<\/p>\n\n\n\n<p>Premi\u00e8re course dans les traces ski de fond classique 2.2kms, la deuxi\u00e8me skating hors de traces, la troisi\u00e8me que de la pouss\u00e9e dans les bras, et la derni\u00e8re en skating je ne voyais presque rien \u00e0 cause de la neige. <\/p>\n\n\n\n<p><br>Mayline<\/p>\n\n\n\n<figure class=\"wp-block-image size-large\"><a href=\"https:\/\/www.imelasavoie.fr\/wp-content\/uploads\/2026\/03\/653511955_2488908388230466_6055919593921115127_n.jpg\"><img loading=\"lazy\" decoding=\"async\" width=\"1024\" height=\"683\" src=\"https:\/\/www.imelasavoie.fr\/wp-content\/uploads\/2026\/03\/653511955_2488908388230466_6055919593921115127_n-1024x683.jpg\" alt=\"\" class=\"wp-image-31153\" srcset=\"https:\/\/www.imelasavoie.fr\/wp-content\/uploads\/2026\/03\/653511955_2488908388230466_6055919593921115127_n-1024x683.jpg 1024w, https:\/\/www.imelasavoie.fr\/wp-content\/uploads\/2026\/03\/653511955_2488908388230466_6055919593921115127_n-300x200.jpg 300w, https:\/\/www.imelasavoie.fr\/wp-content\/uploads\/2026\/03\/653511955_2488908388230466_6055919593921115127_n-768x512.jpg 768w, https:\/\/www.imelasavoie.fr\/wp-content\/uploads\/2026\/03\/653511955_2488908388230466_6055919593921115127_n-1536x1024.jpg 1536w, https:\/\/www.imelasavoie.fr\/wp-content\/uploads\/2026\/03\/653511955_2488908388230466_6055919593921115127_n.jpg 2048w\" sizes=\"auto, (max-width: 1024px) 100vw, 1024px\" \/><\/a><\/figure>\n\n\n\n<figure class=\"wp-block-image size-large\"><a href=\"https:\/\/www.imelasavoie.fr\/wp-content\/uploads\/2026\/03\/653715390_2488908491563789_6987624313421168878_n.jpg\"><img loading=\"lazy\" decoding=\"async\" width=\"1024\" height=\"920\" src=\"https:\/\/www.imelasavoie.fr\/wp-content\/uploads\/2026\/03\/653715390_2488908491563789_6987624313421168878_n-1024x920.jpg\" alt=\"\" class=\"wp-image-31154\" srcset=\"https:\/\/www.imelasavoie.fr\/wp-content\/uploads\/2026\/03\/653715390_2488908491563789_6987624313421168878_n-1024x920.jpg 1024w, https:\/\/www.imelasavoie.fr\/wp-content\/uploads\/2026\/03\/653715390_2488908491563789_6987624313421168878_n-300x269.jpg 300w, https:\/\/www.imelasavoie.fr\/wp-content\/uploads\/2026\/03\/653715390_2488908491563789_6987624313421168878_n-768x690.jpg 768w, https:\/\/www.imelasavoie.fr\/wp-content\/uploads\/2026\/03\/653715390_2488908491563789_6987624313421168878_n-1536x1379.jpg 1536w, https:\/\/www.imelasavoie.fr\/wp-content\/uploads\/2026\/03\/653715390_2488908491563789_6987624313421168878_n.jpg 2048w\" sizes=\"auto, (max-width: 1024px) 100vw, 1024px\" \/><\/a><\/figure>\n\n\n\n<figure class=\"wp-block-image size-large\"><a href=\"https:\/\/www.imelasavoie.fr\/wp-content\/uploads\/2026\/03\/651232633_1651142899561511_2556447566397953500_n.jpg\"><img loading=\"lazy\" decoding=\"async\" width=\"768\" height=\"1024\" src=\"https:\/\/www.imelasavoie.fr\/wp-content\/uploads\/2026\/03\/651232633_1651142899561511_2556447566397953500_n-768x1024.jpg\" alt=\"\" class=\"wp-image-31155\" srcset=\"https:\/\/www.imelasavoie.fr\/wp-content\/uploads\/2026\/03\/651232633_1651142899561511_2556447566397953500_n-768x1024.jpg 768w, https:\/\/www.imelasavoie.fr\/wp-content\/uploads\/2026\/03\/651232633_1651142899561511_2556447566397953500_n-225x300.jpg 225w, https:\/\/www.imelasavoie.fr\/wp-content\/uploads\/2026\/03\/651232633_1651142899561511_2556447566397953500_n-1152x1536.jpg 1152w, https:\/\/www.imelasavoie.fr\/wp-content\/uploads\/2026\/03\/651232633_1651142899561511_2556447566397953500_n.jpg 1536w\" sizes=\"auto, (max-width: 768px) 100vw, 768px\" \/><\/a><\/figure>\n","protected":false},"excerpt":{"rendered":"<p>Championnat de France de ski de fond sport adapt\u00e9 La semaine derni\u00e8re, j\u2019ai particip\u00e9 au championnat de France de ski de fond en sport adapt\u00e9 j\u2019ai fait quatre &nbsp;courses ou j\u2019ai fini premi\u00e8re. Premi\u00e8re course dans les traces ski de &hellip; <a href=\"https:\/\/www.imelasavoie.fr\/?p=31152\">Continuer la lecture <span class=\"meta-nav\">&rarr;<\/span><\/a><\/p>\n","protected":false},"author":10,"featured_media":0,"comment_status":"open","ping_status":"closed","sticky":false,"template":"","format":"standard","meta":{"footnotes":""},"categories":[61],"tags":[],"class_list":["post-31152","post","type-post","status-publish","format-standard","hentry","category-dinamo2"],"_links":{"self":[{"href":"https:\/\/www.imelasavoie.fr\/index.php?rest_route=\/wp\/v2\/posts\/31152","targetHints":{"allow":["GET"]}}],"collection":[{"href":"https:\/\/www.imelasavoie.fr\/index.php?rest_route=\/wp\/v2\/posts"}],"about":[{"href":"https:\/\/www.imelasavoie.fr\/index.php?rest_route=\/wp\/v2\/types\/post"}],"author":[{"embeddable":true,"href":"https:\/\/www.imelasavoie.fr\/index.php?rest_route=\/wp\/v2\/users\/10"}],"replies":[{"embeddable":true,"href":"https:\/\/www.imelasavoie.fr\/index.php?rest_route=%2Fwp%2Fv2%2Fcomments&post=31152"}],"version-history":[{"count":1,"href":"https:\/\/www.imelasavoie.fr\/index.php?rest_route=\/wp\/v2\/posts\/31152\/revisions"}],"predecessor-version":[{"id":31156,"href":"https:\/\/www.imelasavoie.fr\/index.php?rest_route=\/wp\/v2\/posts\/31152\/revisions\/31156"}],"wp:attachment":[{"href":"https:\/\/www.imelasavoie.fr\/index.php?rest_route=%2Fwp%2Fv2%2Fmedia&parent=31152"}],"wp:term":[{"taxonomy":"category","embeddable":true,"href":"https:\/\/www.imelasavoie.fr\/index.php?rest_route=%2Fwp%2Fv2%2Fcategories&post=31152"},{"taxonomy":"post_tag","embeddable":true,"href":"https:\/\/www.imelasavoie.fr\/index.php?rest_route=%2Fwp%2Fv2%2Ftags&post=31152"}],"curies":[{"name":"wp","href":"https:\/\/api.w.org\/{rel}","templated":true}]}}