{"id":4193,"date":"2015-12-16T10:52:23","date_gmt":"2015-12-16T09:52:23","guid":{"rendered":"http:\/\/www.imelasavoie.fr\/?p=4193"},"modified":"2015-12-16T10:54:38","modified_gmt":"2015-12-16T09:54:38","slug":"warcraft-le-commencement","status":"publish","type":"post","link":"https:\/\/www.imelasavoie.fr\/?p=4193","title":{"rendered":"Warcraft: le commencement"},"content":{"rendered":"<p>Je vais vous pr\u00e9senter le film Warcraft\u00a0: Le commencement.<\/p>\n<p>Warcraft un film cr\u00e9\u00e9 par Duncan Jones\u00a0 qui sortira le 25 mai 2016.<\/p>\n<p>Warcraft est un film tir\u00e9 du jeu vid\u00e9o qui raconte la guerre entre deux clans de la horde et l\u2019alliance.<\/p>\n<p>Le \u00a0film a \u00e9t\u00e9 r\u00e9alis\u00e9 en partenariat avec l\u2019\u00e9quipe Blizzard cr\u00e9atrice de jeux vid\u00e9o comme World of Warcraft ou Diablo 3 ou encore Hearthstone.<\/p>\n<p>L&rsquo;histoire: Le royaume d&rsquo;Azeroth\u00a0 est envahie par une redoutable race nomm\u00e9e les orcs: des guerriers Orcs fuyant leur monde moribond pour en coloniser un autre. Alors qu\u2019un portail s\u2019ouvre pour connecter les deux mondes, une arm\u00e9e fait face \u00e0 la destruction.<\/p>\n<p>Deux h\u00e9ros vont s\u2019affronter et d\u00e9cider du sort de leur familles, de leur peuple et de leur patrie.<\/p>\n<div id=\"attachment_4195\" style=\"width: 171px\" class=\"wp-caption alignnone\"><a href=\"https:\/\/www.imelasavoie.fr\/wp-content\/uploads\/2015\/12\/Warcraft.jpg\" rel=\"attachment wp-att-4195\"><img loading=\"lazy\" decoding=\"async\" aria-describedby=\"caption-attachment-4195\" class=\"wp-image-4195\" src=\"https:\/\/www.imelasavoie.fr\/wp-content\/uploads\/2015\/12\/Warcraft-198x300.jpg\" alt=\"Warcraft\" width=\"161\" height=\"244\" srcset=\"https:\/\/www.imelasavoie.fr\/wp-content\/uploads\/2015\/12\/Warcraft-198x300.jpg 198w, https:\/\/www.imelasavoie.fr\/wp-content\/uploads\/2015\/12\/Warcraft-768x1166.jpg 768w, https:\/\/www.imelasavoie.fr\/wp-content\/uploads\/2015\/12\/Warcraft-674x1024.jpg 674w, https:\/\/www.imelasavoie.fr\/wp-content\/uploads\/2015\/12\/Warcraft.jpg 1013w\" sizes=\"auto, (max-width: 161px) 100vw, 161px\" \/><\/a><p id=\"caption-attachment-4195\" class=\"wp-caption-text\">Warcraft: Le commencement<\/p><\/div>\n<p>Voici une petit bande d\u2019annonce pour d\u00e9couvrir les personnages comment ils sont bien r\u00e9aliser\u00a0:<\/p>\n<p>&nbsp;<br \/>\n<iframe loading=\"lazy\" width=\"560\" height=\"315\" src=\"https:\/\/www.youtube.com\/embed\/InBV7RggnYQ\" frameborder=\"0\" allowfullscreen><\/iframe><br \/>\n&nbsp;<\/p>\n<p>Turna Mikail<\/p>\n<p>&nbsp;<\/p>\n","protected":false},"excerpt":{"rendered":"<p>Je vais vous pr\u00e9senter le film Warcraft\u00a0: Le commencement. Warcraft un film cr\u00e9\u00e9 par Duncan Jones\u00a0 qui sortira le 25 mai 2016. Warcraft est un film tir\u00e9 du jeu vid\u00e9o qui raconte la guerre entre deux clans de la horde &hellip; <a href=\"https:\/\/www.imelasavoie.fr\/?p=4193\">Continuer la lecture <span class=\"meta-nav\">&rarr;<\/span><\/a><\/p>\n","protected":false},"author":10,"featured_media":0,"comment_status":"open","ping_status":"closed","sticky":false,"template":"","format":"standard","meta":{"footnotes":""},"categories":[48,60],"tags":[143,144],"class_list":["post-4193","post","type-post","status-publish","format-standard","hentry","category-actualites","category-cecof","tag-film","tag-warcraft"],"_links":{"self":[{"href":"https:\/\/www.imelasavoie.fr\/index.php?rest_route=\/wp\/v2\/posts\/4193","targetHints":{"allow":["GET"]}}],"collection":[{"href":"https:\/\/www.imelasavoie.fr\/index.php?rest_route=\/wp\/v2\/posts"}],"about":[{"href":"https:\/\/www.imelasavoie.fr\/index.php?rest_route=\/wp\/v2\/types\/post"}],"author":[{"embeddable":true,"href":"https:\/\/www.imelasavoie.fr\/index.php?rest_route=\/wp\/v2\/users\/10"}],"replies":[{"embeddable":true,"href":"https:\/\/www.imelasavoie.fr\/index.php?rest_route=%2Fwp%2Fv2%2Fcomments&post=4193"}],"version-history":[{"count":0,"href":"https:\/\/www.imelasavoie.fr\/index.php?rest_route=\/wp\/v2\/posts\/4193\/revisions"}],"wp:attachment":[{"href":"https:\/\/www.imelasavoie.fr\/index.php?rest_route=%2Fwp%2Fv2%2Fmedia&parent=4193"}],"wp:term":[{"taxonomy":"category","embeddable":true,"href":"https:\/\/www.imelasavoie.fr\/index.php?rest_route=%2Fwp%2Fv2%2Fcategories&post=4193"},{"taxonomy":"post_tag","embeddable":true,"href":"https:\/\/www.imelasavoie.fr\/index.php?rest_route=%2Fwp%2Fv2%2Ftags&post=4193"}],"curies":[{"name":"wp","href":"https:\/\/api.w.org\/{rel}","templated":true}]}}