{"id":4265,"date":"2016-01-07T11:16:13","date_gmt":"2016-01-07T10:16:13","guid":{"rendered":"http:\/\/www.imelasavoie.fr\/?p=4265"},"modified":"2016-01-07T11:16:13","modified_gmt":"2016-01-07T10:16:13","slug":"mes-vacances-de-noel-par-alexia","status":"publish","type":"post","link":"https:\/\/www.imelasavoie.fr\/?p=4265","title":{"rendered":"Mes vacances de No\u00ebl par Alexia"},"content":{"rendered":"<p>Je suis all\u00e9e \u00e0 Lyon avec mes parents et mes fr\u00e8res pour f\u00eater No\u00ebl. On est all\u00e9 chez ma tante et mon oncle.<\/p>\n<p>On a mang\u00e9 chez eux. C\u2019\u00e9tait tr\u00e8s bon. Ma tante et mon oncle avaient d\u00e9cor\u00e9 la table, il y avait nos pr\u00e9noms pour marquer nos places. La d\u00e9coration \u00e9tait rouge, on avait des assiettes dor\u00e9es. C\u2019\u00e9tait super beau.<\/p>\n<p>Apr\u00e8s le repas, on a chant\u00e9 et dans\u00e9 toute la nuit.<\/p>\n<p>A minuit, nous avons ouvert nos cadeaux. Je suis contente de ce que j\u2019ai eu.<\/p>\n<p>C\u2019\u00e9tait un tr\u00e8s bon moment. Vivement No\u00ebl prochain\u00a0!!! \ud83d\ude42<\/p>\n","protected":false},"excerpt":{"rendered":"<p>Je suis all\u00e9e \u00e0 Lyon avec mes parents et mes fr\u00e8res pour f\u00eater No\u00ebl. On est all\u00e9 chez ma tante et mon oncle. On a mang\u00e9 chez eux. C\u2019\u00e9tait tr\u00e8s bon. Ma tante et mon oncle avaient d\u00e9cor\u00e9 la table, &hellip; <a href=\"https:\/\/www.imelasavoie.fr\/?p=4265\">Continuer la lecture <span class=\"meta-nav\">&rarr;<\/span><\/a><\/p>\n","protected":false},"author":13,"featured_media":0,"comment_status":"open","ping_status":"closed","sticky":false,"template":"","format":"standard","meta":{"footnotes":""},"categories":[48,59],"tags":[],"class_list":["post-4265","post","type-post","status-publish","format-standard","hentry","category-actualites","category-dinamo1"],"_links":{"self":[{"href":"https:\/\/www.imelasavoie.fr\/index.php?rest_route=\/wp\/v2\/posts\/4265","targetHints":{"allow":["GET"]}}],"collection":[{"href":"https:\/\/www.imelasavoie.fr\/index.php?rest_route=\/wp\/v2\/posts"}],"about":[{"href":"https:\/\/www.imelasavoie.fr\/index.php?rest_route=\/wp\/v2\/types\/post"}],"author":[{"embeddable":true,"href":"https:\/\/www.imelasavoie.fr\/index.php?rest_route=\/wp\/v2\/users\/13"}],"replies":[{"embeddable":true,"href":"https:\/\/www.imelasavoie.fr\/index.php?rest_route=%2Fwp%2Fv2%2Fcomments&post=4265"}],"version-history":[{"count":0,"href":"https:\/\/www.imelasavoie.fr\/index.php?rest_route=\/wp\/v2\/posts\/4265\/revisions"}],"wp:attachment":[{"href":"https:\/\/www.imelasavoie.fr\/index.php?rest_route=%2Fwp%2Fv2%2Fmedia&parent=4265"}],"wp:term":[{"taxonomy":"category","embeddable":true,"href":"https:\/\/www.imelasavoie.fr\/index.php?rest_route=%2Fwp%2Fv2%2Fcategories&post=4265"},{"taxonomy":"post_tag","embeddable":true,"href":"https:\/\/www.imelasavoie.fr\/index.php?rest_route=%2Fwp%2Fv2%2Ftags&post=4265"}],"curies":[{"name":"wp","href":"https:\/\/api.w.org\/{rel}","templated":true}]}}