{"id":4268,"date":"2016-01-07T12:27:03","date_gmt":"2016-01-07T11:27:03","guid":{"rendered":"http:\/\/www.imelasavoie.fr\/?p=4268"},"modified":"2016-01-07T14:59:23","modified_gmt":"2016-01-07T13:59:23","slug":"star-wars-le-reveil-de-la-force","status":"publish","type":"post","link":"https:\/\/www.imelasavoie.fr\/?p=4268","title":{"rendered":"Star Wars : Le r\u00e9veil de la force"},"content":{"rendered":"<p>Dimanche 3 janvier je suis all\u00e9 voir Star Wars\u00a0: Le r\u00e9veil de la force en 3D\u00a0 \u00e0 Amb\u00e9rieu en Bugey.<\/p>\n<p>C\u2019est un film d\u2019action. Le d\u00e9but du film se passe 32 ans apr\u00e8s le retour du Jedi. Il raconte\u00a0 l\u2019histoire de Luke SkyWalker qui a disparu ainsi que le combat entre le premier ordre (qui veut le pouvoir) contre les rebelles.<\/p>\n<div id=\"attachment_4269\" style=\"width: 194px\" class=\"wp-caption alignnone\"><a href=\"https:\/\/www.imelasavoie.fr\/wp-content\/uploads\/2016\/01\/1.png\" rel=\"attachment wp-att-4269\"><img loading=\"lazy\" decoding=\"async\" aria-describedby=\"caption-attachment-4269\" class=\"wp-image-4269 size-full\" src=\"https:\/\/www.imelasavoie.fr\/wp-content\/uploads\/2016\/01\/1.png\" alt=\"1\" width=\"184\" height=\"274\" \/><\/a><p id=\"caption-attachment-4269\" class=\"wp-caption-text\">Luke SkyWalker (Vieux)<\/p><\/div>\n<p>On trouve des nouveaux personnages\u00a0: un jeune stormtrooper nomm\u00e9e Finn qui refuse d\u2019ob\u00e9ir au premier ordre (les anciens m\u00e9chants).<\/p>\n<div id=\"attachment_4272\" style=\"width: 285px\" class=\"wp-caption alignnone\"><a href=\"https:\/\/www.imelasavoie.fr\/wp-content\/uploads\/2016\/01\/3.jpg\" rel=\"attachment wp-att-4272\"><img loading=\"lazy\" decoding=\"async\" aria-describedby=\"caption-attachment-4272\" class=\"wp-image-4272 size-full\" src=\"https:\/\/www.imelasavoie.fr\/wp-content\/uploads\/2016\/01\/3.jpg\" alt=\"3\" width=\"275\" height=\"183\" \/><\/a><p id=\"caption-attachment-4272\" class=\"wp-caption-text\">Finn du premier ordre<\/p><\/div>\n<p>Il y aussi une jeune fille nomm\u00e9e Rey qui est une contrebandi\u00e8re qui va d\u00e9couvrir ses pouvoirs.<\/p>\n<div id=\"attachment_4270\" style=\"width: 204px\" class=\"wp-caption alignnone\"><a href=\"https:\/\/www.imelasavoie.fr\/wp-content\/uploads\/2016\/01\/4.png\" rel=\"attachment wp-att-4270\"><img loading=\"lazy\" decoding=\"async\" aria-describedby=\"caption-attachment-4270\" class=\"wp-image-4270 size-full\" src=\"https:\/\/www.imelasavoie.fr\/wp-content\/uploads\/2016\/01\/4.png\" alt=\"4\" width=\"194\" height=\"259\" \/><\/a><p id=\"caption-attachment-4270\" class=\"wp-caption-text\">Rey<\/p><\/div>\n<p>Il y a le nouveau m\u00e9chant\u00a0: Kylo Ren qui a un sabre laser en croix. Il y a \u00e9galement BB8 le nouveau dro\u00efde.<\/p>\n<div id=\"attachment_4271\" style=\"width: 310px\" class=\"wp-caption alignnone\"><a href=\"https:\/\/www.imelasavoie.fr\/wp-content\/uploads\/2016\/01\/2.png\" rel=\"attachment wp-att-4271\"><img loading=\"lazy\" decoding=\"async\" aria-describedby=\"caption-attachment-4271\" class=\"wp-image-4271 size-medium\" src=\"https:\/\/www.imelasavoie.fr\/wp-content\/uploads\/2016\/01\/2-300x150.png\" alt=\"2\" width=\"300\" height=\"150\" srcset=\"https:\/\/www.imelasavoie.fr\/wp-content\/uploads\/2016\/01\/2-300x150.png 300w, https:\/\/www.imelasavoie.fr\/wp-content\/uploads\/2016\/01\/2.png 318w\" sizes=\"auto, (max-width: 300px) 100vw, 300px\" \/><\/a><p id=\"caption-attachment-4271\" class=\"wp-caption-text\">Kylo Ren (Le supr\u00eame seigneur)<\/p><\/div>\n<p>On retrouve les anciens personnages\u00a0:<\/p>\n<p>Han solo qui recherche son fils ainsi que la princesse L\u00e9ai qui est maintenant g\u00e9n\u00e9ral des rebelles. Luke a vieilli et est attir\u00e9 par le c\u00f4t\u00e9 obscur de la force.<\/p>\n<p>Enfin, il y a R2D2 le dro\u00efde ainsi que C3PO.<\/p>\n<p>Ce film \u00e9tait trop bien par ce qu&rsquo;il y avait de l&rsquo;action.<\/p>\n<p>Voici la bande-annonce:<\/p>\n<p><iframe loading=\"lazy\" width=\"560\" height=\"315\" src=\"https:\/\/www.youtube.com\/embed\/eMsLEcP4zQg\" frameborder=\"0\" allowfullscreen><\/iframe><\/p>\n<p>&nbsp;<\/p>\n<p>Mika\u00efl Turna<\/p>\n","protected":false},"excerpt":{"rendered":"<p>Dimanche 3 janvier je suis all\u00e9 voir Star Wars\u00a0: Le r\u00e9veil de la force en 3D\u00a0 \u00e0 Amb\u00e9rieu en Bugey. C\u2019est un film d\u2019action. Le d\u00e9but du film se passe 32 ans apr\u00e8s le retour du Jedi. Il raconte\u00a0 l\u2019histoire &hellip; <a href=\"https:\/\/www.imelasavoie.fr\/?p=4268\">Continuer la lecture <span class=\"meta-nav\">&rarr;<\/span><\/a><\/p>\n","protected":false},"author":10,"featured_media":0,"comment_status":"open","ping_status":"closed","sticky":false,"template":"","format":"standard","meta":{"footnotes":""},"categories":[48,56],"tags":[],"class_list":["post-4268","post","type-post","status-publish","format-standard","hentry","category-actualites","category-les-classes-et-ateliers"],"_links":{"self":[{"href":"https:\/\/www.imelasavoie.fr\/index.php?rest_route=\/wp\/v2\/posts\/4268","targetHints":{"allow":["GET"]}}],"collection":[{"href":"https:\/\/www.imelasavoie.fr\/index.php?rest_route=\/wp\/v2\/posts"}],"about":[{"href":"https:\/\/www.imelasavoie.fr\/index.php?rest_route=\/wp\/v2\/types\/post"}],"author":[{"embeddable":true,"href":"https:\/\/www.imelasavoie.fr\/index.php?rest_route=\/wp\/v2\/users\/10"}],"replies":[{"embeddable":true,"href":"https:\/\/www.imelasavoie.fr\/index.php?rest_route=%2Fwp%2Fv2%2Fcomments&post=4268"}],"version-history":[{"count":0,"href":"https:\/\/www.imelasavoie.fr\/index.php?rest_route=\/wp\/v2\/posts\/4268\/revisions"}],"wp:attachment":[{"href":"https:\/\/www.imelasavoie.fr\/index.php?rest_route=%2Fwp%2Fv2%2Fmedia&parent=4268"}],"wp:term":[{"taxonomy":"category","embeddable":true,"href":"https:\/\/www.imelasavoie.fr\/index.php?rest_route=%2Fwp%2Fv2%2Fcategories&post=4268"},{"taxonomy":"post_tag","embeddable":true,"href":"https:\/\/www.imelasavoie.fr\/index.php?rest_route=%2Fwp%2Fv2%2Ftags&post=4268"}],"curies":[{"name":"wp","href":"https:\/\/api.w.org\/{rel}","templated":true}]}}