{"id":4450,"date":"2016-01-13T11:04:36","date_gmt":"2016-01-13T10:04:36","guid":{"rendered":"http:\/\/www.imelasavoie.fr\/?p=4450"},"modified":"2016-01-13T11:04:36","modified_gmt":"2016-01-13T10:04:36","slug":"mes-vacances-par-joris-2","status":"publish","type":"post","link":"https:\/\/www.imelasavoie.fr\/?p=4450","title":{"rendered":"Mes vacances par Joris"},"content":{"rendered":"<p>J\u2019ai pass\u00e9 mes vacances de No\u00ebl avec trois de mes cousines, avec ma tante, ma grand-m\u00e8re paternelle et mes grands- parents. Ma tata et mes cousines habitent en r\u00e9gion \u00a0parisienne dans le 77. Avec mes cousines, et mes deux s\u0153urs on est all\u00e9 au cin\u00e9ma on est all\u00e9 voir <u>Le grand partage<\/u><\/p>\n<p>&nbsp;<\/p>\n<p><u><img loading=\"lazy\" decoding=\"async\" id=\"il_fi\" class=\"aligncenter\" src=\"http:\/\/pr.rosselcdn.net\/sites\/default\/files\/styles\/premiere_teaser_a_la_une\/public\/thumbnails\/image\/legrandpartage_affiche_bd.jpg\" alt=\"Afficher l'image d'origine\" width=\"366\" height=\"274\" \/><\/u>.<\/p>\n<p>&nbsp;<\/p>\n<p>Le jour de l\u2019an, je l\u2019ai fait avec mon fr\u00e8re, ma belle-s\u0153ur et mon neveu. On a mang\u00e9 du saumon et du foie gras.<\/p>\n","protected":false},"excerpt":{"rendered":"<p>J\u2019ai pass\u00e9 mes vacances de No\u00ebl avec trois de mes cousines, avec ma tante, ma grand-m\u00e8re paternelle et mes grands- parents. Ma tata et mes cousines habitent en r\u00e9gion \u00a0parisienne dans le 77. Avec mes cousines, et mes deux s\u0153urs &hellip; <a href=\"https:\/\/www.imelasavoie.fr\/?p=4450\">Continuer la lecture <span class=\"meta-nav\">&rarr;<\/span><\/a><\/p>\n","protected":false},"author":13,"featured_media":0,"comment_status":"open","ping_status":"closed","sticky":false,"template":"","format":"standard","meta":{"footnotes":""},"categories":[48,59],"tags":[],"class_list":["post-4450","post","type-post","status-publish","format-standard","hentry","category-actualites","category-dinamo1"],"_links":{"self":[{"href":"https:\/\/www.imelasavoie.fr\/index.php?rest_route=\/wp\/v2\/posts\/4450","targetHints":{"allow":["GET"]}}],"collection":[{"href":"https:\/\/www.imelasavoie.fr\/index.php?rest_route=\/wp\/v2\/posts"}],"about":[{"href":"https:\/\/www.imelasavoie.fr\/index.php?rest_route=\/wp\/v2\/types\/post"}],"author":[{"embeddable":true,"href":"https:\/\/www.imelasavoie.fr\/index.php?rest_route=\/wp\/v2\/users\/13"}],"replies":[{"embeddable":true,"href":"https:\/\/www.imelasavoie.fr\/index.php?rest_route=%2Fwp%2Fv2%2Fcomments&post=4450"}],"version-history":[{"count":0,"href":"https:\/\/www.imelasavoie.fr\/index.php?rest_route=\/wp\/v2\/posts\/4450\/revisions"}],"wp:attachment":[{"href":"https:\/\/www.imelasavoie.fr\/index.php?rest_route=%2Fwp%2Fv2%2Fmedia&parent=4450"}],"wp:term":[{"taxonomy":"category","embeddable":true,"href":"https:\/\/www.imelasavoie.fr\/index.php?rest_route=%2Fwp%2Fv2%2Fcategories&post=4450"},{"taxonomy":"post_tag","embeddable":true,"href":"https:\/\/www.imelasavoie.fr\/index.php?rest_route=%2Fwp%2Fv2%2Ftags&post=4450"}],"curies":[{"name":"wp","href":"https:\/\/api.w.org\/{rel}","templated":true}]}}