{"id":4737,"date":"2016-01-28T10:03:10","date_gmt":"2016-01-28T09:03:10","guid":{"rendered":"http:\/\/www.imelasavoie.fr\/?p=4737"},"modified":"2016-01-28T10:08:40","modified_gmt":"2016-01-28T09:08:40","slug":"presentation-de-stage-mikail","status":"publish","type":"post","link":"https:\/\/www.imelasavoie.fr\/?p=4737","title":{"rendered":"Pr\u00e9sentation de Stage Mikail"},"content":{"rendered":"<p>Je vais vous pr\u00e9senter mon stage.<\/p>\n<p>Je pars chez Hauteville traiteur \u00e0 Hauteville du Mardi 2 au vendredi 5 f\u00e9vrier.<\/p>\n<p>Je vais travailler de 7 heures \u00e0 12 heures et je finis \u00e0 14h.<\/p>\n<p>Je vais pr\u00e9parer les repas pour la restauration collective.<\/p>\n<p>Je vais aider \u00e0 pr\u00e9parer 400 plateaux repas qu&rsquo;il faudra ensuite mettre sous vide.<\/p>\n<p>Mon ma\u00eetre de stage s&rsquo;appelle Mr Falavier.<\/p>\n<p>C&rsquo;est le patron.<\/p>\n<p>Il y a en plus deux cuisiniers.<\/p>\n<p><img loading=\"lazy\" decoding=\"async\" id=\"il_fi\" class=\"\" src=\"http:\/\/static.wixstatic.com\/media\/2ffa7c_9f0ba4cf6f6b4b9cb0762387e6acf853.jpg\/v1\/fill\/w_327,h_279,al_c,q_75,usm_0.50_1.20_0.00\/2ffa7c_9f0ba4cf6f6b4b9cb0762387e6acf853.jpg\" alt=\"Afficher l'image d'origine\" width=\"280\" height=\"239\" \/><\/p>\n<p>Mikail Turna<\/p>\n","protected":false},"excerpt":{"rendered":"<p>Je vais vous pr\u00e9senter mon stage. Je pars chez Hauteville traiteur \u00e0 Hauteville du Mardi 2 au vendredi 5 f\u00e9vrier. Je vais travailler de 7 heures \u00e0 12 heures et je finis \u00e0 14h. Je vais pr\u00e9parer les repas pour &hellip; <a href=\"https:\/\/www.imelasavoie.fr\/?p=4737\">Continuer la lecture <span class=\"meta-nav\">&rarr;<\/span><\/a><\/p>\n","protected":false},"author":10,"featured_media":0,"comment_status":"open","ping_status":"closed","sticky":false,"template":"","format":"standard","meta":{"footnotes":""},"categories":[48,60],"tags":[],"class_list":["post-4737","post","type-post","status-publish","format-standard","hentry","category-actualites","category-cecof"],"_links":{"self":[{"href":"https:\/\/www.imelasavoie.fr\/index.php?rest_route=\/wp\/v2\/posts\/4737","targetHints":{"allow":["GET"]}}],"collection":[{"href":"https:\/\/www.imelasavoie.fr\/index.php?rest_route=\/wp\/v2\/posts"}],"about":[{"href":"https:\/\/www.imelasavoie.fr\/index.php?rest_route=\/wp\/v2\/types\/post"}],"author":[{"embeddable":true,"href":"https:\/\/www.imelasavoie.fr\/index.php?rest_route=\/wp\/v2\/users\/10"}],"replies":[{"embeddable":true,"href":"https:\/\/www.imelasavoie.fr\/index.php?rest_route=%2Fwp%2Fv2%2Fcomments&post=4737"}],"version-history":[{"count":0,"href":"https:\/\/www.imelasavoie.fr\/index.php?rest_route=\/wp\/v2\/posts\/4737\/revisions"}],"wp:attachment":[{"href":"https:\/\/www.imelasavoie.fr\/index.php?rest_route=%2Fwp%2Fv2%2Fmedia&parent=4737"}],"wp:term":[{"taxonomy":"category","embeddable":true,"href":"https:\/\/www.imelasavoie.fr\/index.php?rest_route=%2Fwp%2Fv2%2Fcategories&post=4737"},{"taxonomy":"post_tag","embeddable":true,"href":"https:\/\/www.imelasavoie.fr\/index.php?rest_route=%2Fwp%2Fv2%2Ftags&post=4737"}],"curies":[{"name":"wp","href":"https:\/\/api.w.org\/{rel}","templated":true}]}}