{"id":4742,"date":"2016-01-28T10:55:10","date_gmt":"2016-01-28T09:55:10","guid":{"rendered":"http:\/\/www.imelasavoie.fr\/?p=4742"},"modified":"2016-01-28T10:55:10","modified_gmt":"2016-01-28T09:55:10","slug":"apres-midi-karaoke","status":"publish","type":"post","link":"https:\/\/www.imelasavoie.fr\/?p=4742","title":{"rendered":"Apr\u00e8s-midi Karaok\u00e9"},"content":{"rendered":"<p>&nbsp;<\/p>\n<p>Hier apr\u00e8s-midi (mercredi 27 janvier), \u00a0j\u2019ai fait un karaok\u00e9 avec mon cousin chez moi.<\/p>\n<p>C\u2019est un jeu sur la Wii qui s\u2019appelle Let\u2019s Sing 2016. On a chant\u00e9 des chansons des ann\u00e9es 80, 90 et 2010.<\/p>\n<p>Par exemple, mon cousin a chant\u00e9 <u>Andalouse<\/u> de \u00a0Kendji Girac. Moi j\u2019ai chant\u00e9 Bella de Ma\u00eetre Gims, et <u>Avenir<\/u> de \u00a0Louane.<\/p>\n<p>On s\u2019est bien amus\u00e9. Apr\u00e8s chaque chanson, on peut s\u2019\u00e9couter chanter.<\/p>\n<p>Tous les mercredis apr\u00e8s-midi, on se retrouve pour faire un karaok\u00e9. On en fait \u00e9galement le vendredi soir ou lors de soir\u00e9e. Ce sont des moments pendant lesquels on rigole bien.<\/p>\n<p>Des fois, je fais un karaok\u00e9 avec ma m\u00e8re et ma s\u0153ur. C\u2019est moi qui remporte le plus de points\u00a0!!!!!<\/p>\n<p><img loading=\"lazy\" decoding=\"async\" id=\"il_fi\" class=\"aligncenter\" src=\"http:\/\/ecx.images-amazon.com\/images\/I\/81FYkqgR6hL._SY500_.jpg\" alt=\"Afficher l'image d'origine\" width=\"267\" height=\"380\" \/><\/p>\n<p>Alexis.R<\/p>\n<p>&nbsp;<\/p>\n","protected":false},"excerpt":{"rendered":"<p>&nbsp; Hier apr\u00e8s-midi (mercredi 27 janvier), \u00a0j\u2019ai fait un karaok\u00e9 avec mon cousin chez moi. C\u2019est un jeu sur la Wii qui s\u2019appelle Let\u2019s Sing 2016. On a chant\u00e9 des chansons des ann\u00e9es 80, 90 et 2010. Par exemple, mon &hellip; <a href=\"https:\/\/www.imelasavoie.fr\/?p=4742\">Continuer la lecture <span class=\"meta-nav\">&rarr;<\/span><\/a><\/p>\n","protected":false},"author":13,"featured_media":0,"comment_status":"open","ping_status":"closed","sticky":false,"template":"","format":"standard","meta":{"footnotes":""},"categories":[48,59],"tags":[],"class_list":["post-4742","post","type-post","status-publish","format-standard","hentry","category-actualites","category-dinamo1"],"_links":{"self":[{"href":"https:\/\/www.imelasavoie.fr\/index.php?rest_route=\/wp\/v2\/posts\/4742","targetHints":{"allow":["GET"]}}],"collection":[{"href":"https:\/\/www.imelasavoie.fr\/index.php?rest_route=\/wp\/v2\/posts"}],"about":[{"href":"https:\/\/www.imelasavoie.fr\/index.php?rest_route=\/wp\/v2\/types\/post"}],"author":[{"embeddable":true,"href":"https:\/\/www.imelasavoie.fr\/index.php?rest_route=\/wp\/v2\/users\/13"}],"replies":[{"embeddable":true,"href":"https:\/\/www.imelasavoie.fr\/index.php?rest_route=%2Fwp%2Fv2%2Fcomments&post=4742"}],"version-history":[{"count":0,"href":"https:\/\/www.imelasavoie.fr\/index.php?rest_route=\/wp\/v2\/posts\/4742\/revisions"}],"wp:attachment":[{"href":"https:\/\/www.imelasavoie.fr\/index.php?rest_route=%2Fwp%2Fv2%2Fmedia&parent=4742"}],"wp:term":[{"taxonomy":"category","embeddable":true,"href":"https:\/\/www.imelasavoie.fr\/index.php?rest_route=%2Fwp%2Fv2%2Fcategories&post=4742"},{"taxonomy":"post_tag","embeddable":true,"href":"https:\/\/www.imelasavoie.fr\/index.php?rest_route=%2Fwp%2Fv2%2Ftags&post=4742"}],"curies":[{"name":"wp","href":"https:\/\/api.w.org\/{rel}","templated":true}]}}