{"id":4744,"date":"2016-01-28T11:06:25","date_gmt":"2016-01-28T10:06:25","guid":{"rendered":"http:\/\/www.imelasavoie.fr\/?p=4744"},"modified":"2016-01-28T11:06:25","modified_gmt":"2016-01-28T10:06:25","slug":"stage-a-lappartement-des-filles","status":"publish","type":"post","link":"https:\/\/www.imelasavoie.fr\/?p=4744","title":{"rendered":"Stage \u00e0 l&rsquo;appartement des filles"},"content":{"rendered":"<p>Lundi, je suis arriv\u00e9e \u00e0\u00a0 l\u2019appartement des filles pour une dur\u00e9e d\u2019une semaine. Je suis avec Chlo\u00e9, Morine et Kawotar.<\/p>\n<p>Le midi, je vais chercher les plateaux avec les plats en cuisine centrale. Je les monte \u00e0 l\u2019appartement. D\u00e8s que l\u2019on a fini, on redescend les plateaux nettoy\u00e9s.<\/p>\n<p>Le soir, nous avons notre t\u00e9l\u00e9phone \u00e0 partir de \u00a017h jusqu\u2019au\u00a0 lendemain matin. On le ram\u00e8ne le matin sur le groupe AVA.<\/p>\n<p>Mardi soir, j\u2019ai pr\u00e9par\u00e9 le repas. J\u2019ai fait des salsifis avec des steaks hach\u00e9s frais. Morine m\u2019a aid\u00e9 pour la pr\u00e9paration du repas.<\/p>\n<p>\u00c7a se passe tr\u00e8s bien \u00e0 l\u2019appartement\u00a0! Je suis contente d\u2019\u00eatre en stage \u00e0 l\u2019appartement.<\/p>\n<p>&nbsp;<\/p>\n<p>Sabine.M<\/p>\n","protected":false},"excerpt":{"rendered":"<p>Lundi, je suis arriv\u00e9e \u00e0\u00a0 l\u2019appartement des filles pour une dur\u00e9e d\u2019une semaine. Je suis avec Chlo\u00e9, Morine et Kawotar. Le midi, je vais chercher les plateaux avec les plats en cuisine centrale. Je les monte \u00e0 l\u2019appartement. D\u00e8s que &hellip; <a href=\"https:\/\/www.imelasavoie.fr\/?p=4744\">Continuer la lecture <span class=\"meta-nav\">&rarr;<\/span><\/a><\/p>\n","protected":false},"author":13,"featured_media":0,"comment_status":"open","ping_status":"closed","sticky":false,"template":"","format":"standard","meta":{"footnotes":""},"categories":[48,60],"tags":[],"class_list":["post-4744","post","type-post","status-publish","format-standard","hentry","category-actualites","category-cecof"],"_links":{"self":[{"href":"https:\/\/www.imelasavoie.fr\/index.php?rest_route=\/wp\/v2\/posts\/4744","targetHints":{"allow":["GET"]}}],"collection":[{"href":"https:\/\/www.imelasavoie.fr\/index.php?rest_route=\/wp\/v2\/posts"}],"about":[{"href":"https:\/\/www.imelasavoie.fr\/index.php?rest_route=\/wp\/v2\/types\/post"}],"author":[{"embeddable":true,"href":"https:\/\/www.imelasavoie.fr\/index.php?rest_route=\/wp\/v2\/users\/13"}],"replies":[{"embeddable":true,"href":"https:\/\/www.imelasavoie.fr\/index.php?rest_route=%2Fwp%2Fv2%2Fcomments&post=4744"}],"version-history":[{"count":0,"href":"https:\/\/www.imelasavoie.fr\/index.php?rest_route=\/wp\/v2\/posts\/4744\/revisions"}],"wp:attachment":[{"href":"https:\/\/www.imelasavoie.fr\/index.php?rest_route=%2Fwp%2Fv2%2Fmedia&parent=4744"}],"wp:term":[{"taxonomy":"category","embeddable":true,"href":"https:\/\/www.imelasavoie.fr\/index.php?rest_route=%2Fwp%2Fv2%2Fcategories&post=4744"},{"taxonomy":"post_tag","embeddable":true,"href":"https:\/\/www.imelasavoie.fr\/index.php?rest_route=%2Fwp%2Fv2%2Ftags&post=4744"}],"curies":[{"name":"wp","href":"https:\/\/api.w.org\/{rel}","templated":true}]}}